{"id":19413,"date":"2025-05-30T18:07:31","date_gmt":"2025-05-30T21:07:31","guid":{"rendered":"https:\/\/sinprfsp.org.br\/?p=19413"},"modified":"2025-05-30T18:07:32","modified_gmt":"2025-05-30T21:07:32","slug":"senado-aprova-inclusao-das-guardas-municipais-e-seguranca-viaria-no-rol-de-orgaos-responsaveis-pela-seguranca-publica","status":"publish","type":"post","link":"https:\/\/sinprfsp.org.br\/index.php\/2025\/05\/30\/senado-aprova-inclusao-das-guardas-municipais-e-seguranca-viaria-no-rol-de-orgaos-responsaveis-pela-seguranca-publica\/","title":{"rendered":"Senado aprova inclus\u00e3o das Guardas Municipais e Seguran\u00e7a Vi\u00e1ria no rol de \u00f3rg\u00e3os respons\u00e1veis pela seguran\u00e7a p\u00fablica"},"content":{"rendered":"\n<p>Foi aprovada pelo Senado Federal na tarde da \u00faltima ter\u00e7a-feira (27) a PEC 37\/2022. O texto inclui no caput do artigo 144 da Constitui\u00e7\u00e3o Federal as guardas municipais e e \u00f3rg\u00e3os de Seguran\u00e7a Vi\u00e1ria, atrav\u00e9s dos seus agentes de tr\u00e2nsito, no sistema de seguran\u00e7a p\u00fablica. A Emenda N\u00ba. 3, apresentada posteriormente e que tinha o objetivo de incluir o DNIT no rol de \u00f3rg\u00e3os de seguran\u00e7a p\u00fablica, foi rejeitada pelos senadores.<\/p>\n\n\n\n<p>O sistema sindical dos PRFs esteve presente no Senado Federal atrav\u00e9s dos representantes dos Sindicatos regionais e da FENAPRF, realizando articula\u00e7\u00f5es e reuni\u00f5es com os parlamentares, demonstrando como a PEC impactaria no trabalho realizado pelos policiais rodovi\u00e1rios federais nas rodovias e estradas federais. Conforme Nota T\u00e9cnica elaborada pela FENAPRF e entregue aos parlamentares, a inclus\u00e3o do DNIT no projeto original representaria uma viola\u00e7\u00e3o ao artigo 37 da Constitui\u00e7\u00e3o Federal, com desperd\u00edcio de recursos e gerando conflito de compet\u00eancia.<\/p>\n\n\n\n<p><em>\u2013&nbsp;<a href=\"https:\/\/fenaprf.org.br\/novo\/wp-content\/uploads\/2025\/05\/Nota-Tecnica-FENAPRF-03-2025-PEC-37_2022-DNIT-Seguranca-Publica.pdf\" target=\"_blank\" rel=\"noreferrer noopener\"><strong>Clique aqui<\/strong><\/a>&nbsp;para ler a NOTA T\u00c9CNICA 03-2025\/FENAPRF<\/em><\/p>\n\n\n\n<p>De acordo com T\u00e1cio Melo, \u00e9 importante o monitoramento frequente para que a categoria n\u00e3o seja prejudicada em pautas em tramita\u00e7\u00e3o no Congresso. \u201cA gente faz um trabalho de acompanhamento permanente pela nossa Diretoria de Assuntos Institucionais, que nos permite ter um panorama muito bom de quando e onde devemos agir. N\u00f3s nos reunimos com o relator, que compreendeu as implica\u00e7\u00f5es dessa emenda, e a rejeitou. E mesmo ap\u00f3s destaque para vota\u00e7\u00e3o, a ampla maioria dos senadores votou pela sua rejei\u00e7\u00e3o, demonstrando a import\u00e2ncia do trabalho realizado pelo Sistema Sindical dos PRFs\u201d, explicou.<\/p>\n\n\n\n<p>Com a aprova\u00e7\u00e3o da mat\u00e9ria, o texto ir\u00e1 para an\u00e1lise da C\u00e2mara dos Deputados. O sistema sindical dos PRFs est\u00e1 em semana de Assembleia Geral Extraordin\u00e1ria da FenaPRF, com representantes de 26 sindicatos&nbsp;em&nbsp;Bras\u00edlia.<\/p>\n","protected":false},"excerpt":{"rendered":"<p>Foi aprovada pelo Senado Federal na tarde da \u00faltima ter\u00e7a-feira (27) a PEC 37\/2022. O texto inclui no caput do artigo 144 da Constitui\u00e7\u00e3o Federal as guardas municipais e e \u00f3rg\u00e3os de Seguran\u00e7a Vi\u00e1ria, atrav\u00e9s dos seus agentes de tr\u00e2nsito, no sistema de seguran\u00e7a p\u00fablica. A Emenda N\u00ba. 3, apresentada posteriormente e que tinha o [&hellip;]<\/p>\n","protected":false},"author":3,"featured_media":19414,"comment_status":"closed","ping_status":"closed","sticky":false,"template":"","format":"standard","meta":{"footnotes":""},"categories":[41],"tags":[],"class_list":["post-19413","post","type-post","status-publish","format-standard","has-post-thumbnail","hentry","category-noticias-em-destaque"],"_links":{"self":[{"href":"https:\/\/sinprfsp.org.br\/index.php\/wp-json\/wp\/v2\/posts\/19413","targetHints":{"allow":["GET"]}}],"collection":[{"href":"https:\/\/sinprfsp.org.br\/index.php\/wp-json\/wp\/v2\/posts"}],"about":[{"href":"https:\/\/sinprfsp.org.br\/index.php\/wp-json\/wp\/v2\/types\/post"}],"author":[{"embeddable":true,"href":"https:\/\/sinprfsp.org.br\/index.php\/wp-json\/wp\/v2\/users\/3"}],"replies":[{"embeddable":true,"href":"https:\/\/sinprfsp.org.br\/index.php\/wp-json\/wp\/v2\/comments?post=19413"}],"version-history":[{"count":1,"href":"https:\/\/sinprfsp.org.br\/index.php\/wp-json\/wp\/v2\/posts\/19413\/revisions"}],"predecessor-version":[{"id":19415,"href":"https:\/\/sinprfsp.org.br\/index.php\/wp-json\/wp\/v2\/posts\/19413\/revisions\/19415"}],"wp:featuredmedia":[{"embeddable":true,"href":"https:\/\/sinprfsp.org.br\/index.php\/wp-json\/wp\/v2\/media\/19414"}],"wp:attachment":[{"href":"https:\/\/sinprfsp.org.br\/index.php\/wp-json\/wp\/v2\/media?parent=19413"}],"wp:term":[{"taxonomy":"category","embeddable":true,"href":"https:\/\/sinprfsp.org.br\/index.php\/wp-json\/wp\/v2\/categories?post=19413"},{"taxonomy":"post_tag","embeddable":true,"href":"https:\/\/sinprfsp.org.br\/index.php\/wp-json\/wp\/v2\/tags?post=19413"}],"curies":[{"name":"wp","href":"https:\/\/api.w.org\/{rel}","templated":true}]}}