{"id":19440,"date":"2025-06-18T16:26:15","date_gmt":"2025-06-18T19:26:15","guid":{"rendered":"https:\/\/sinprfsp.org.br\/?p=19440"},"modified":"2025-06-18T16:26:16","modified_gmt":"2025-06-18T19:26:16","slug":"nota-de-repudio","status":"publish","type":"post","link":"https:\/\/sinprfsp.org.br\/index.php\/2025\/06\/18\/nota-de-repudio\/","title":{"rendered":"NOTA DE REP\u00daDIO"},"content":{"rendered":"\n<p>Bras\u00edlia, 18 de junho de 2025<br><br>A Federa\u00e7\u00e3o Nacional dos Policiais Rodovi\u00e1rios Federais (FenaPRF), entidade representativa de mais de 17 mil servidores da ativa e aposentados, manifesta seu veemente rep\u00fadio \u00e0 forma como foi redigido o item 5 do documento \u201cPlano de A\u00e7\u00e3o \u2013 Recep\u00e7\u00e3o dos novos PRFs\u201d (SEI n\u00ba 65967265), parte integrante do Processo n\u00ba 08650.154011\/2025-22, confeccionado pela Dire\u00e7\u00e3o da Pol\u00edcia Rodovi\u00e1ria Federal.<br><br>O referido trecho, ao recomendar que os policiais em processo de movimenta\u00e7\u00e3o \u201cn\u00e3o mantenham contato prolongado com os novos PRFs\u201d, com o objetivo declarado de evitar a \u201ctransfer\u00eancia de pr\u00e1ticas desalinhadas com o novo modelo institucional\u201d, \u00e9 inaceit\u00e1vel sob qualquer \u00f3tica.<br><br>A insinua\u00e7\u00e3o de que servidores p\u00fablicos \u2014 muitos com mais de 20 ou 30 anos de dedica\u00e7\u00e3o \u00e0 Pol\u00edcia Rodovi\u00e1ria Federal \u2014 seriam vetores de uma cultura negativa, desalinhada ou contraproducente \u00e9 desrespeitosa, discriminat\u00f3ria e injustific\u00e1vel. Trata-se de uma afirma\u00e7\u00e3o que, na pr\u00e1tica, contribui para a fragmenta\u00e7\u00e3o do corpo funcional da Institui\u00e7\u00e3o e promove um clima de divis\u00e3o e desconfian\u00e7a entre gera\u00e7\u00f5es de policiais.<br><br>A hist\u00f3ria da PRF foi constru\u00edda com base na experi\u00eancia, no comprometimento e no profissionalismo desses policiais, que, ao longo de d\u00e9cadas, consolidaram a credibilidade da nossa Institui\u00e7\u00e3o perante a sociedade brasileira. Rotul\u00e1-los como potenciais amea\u00e7as \u00e0 forma\u00e7\u00e3o de novos colegas n\u00e3o apenas fere sua honra funcional, mas tamb\u00e9m compromete o esp\u00edrito de coes\u00e3o institucional que tanto se busca fortalecer.<br><br>Desonrar o passado \u00e9 comprometer o nosso futuro.<br>O que seria da PRF se Turquinho n\u00e3o tivesse dado os primeiros passos para a cria\u00e7\u00e3o da Institui\u00e7\u00e3o?<br>O que seria da PRF sem os veteranos?<br>O que seria da PRF sem os policiais antigos, que deram sentido, forma e alma a essa miss\u00e3o?<br><br>A FenaPRF espera uma retrata\u00e7\u00e3o formal da Dire\u00e7\u00e3o-Geral da Pol\u00edcia Rodovi\u00e1ria Federal, com o devido reconhecimento da import\u00e2ncia e do legado dos policiais veteranos. A boa forma\u00e7\u00e3o dos novos integrantes da PRF depende do di\u00e1logo intergeracional, do respeito m\u00fatuo e da valoriza\u00e7\u00e3o da mem\u00f3ria institucional \u2014 e n\u00e3o da exclus\u00e3o de quem dedicou sua vida \u00e0 constru\u00e7\u00e3o desta Casa.<br><br>Permanecemos vigilantes e unidos \u00e0 categoria para promover a defesa da dignidade de todos os policiais rodovi\u00e1rios federais, ativos e inativos, que, juntos, comp\u00f5em a espinha dorsal desta Institui\u00e7\u00e3o centen\u00e1ria.<br><br>Federa\u00e7\u00e3o Nacional dos Policiais Rodovi\u00e1rios Federais \u2013 FenaPRF<\/p>\n","protected":false},"excerpt":{"rendered":"<p>Bras\u00edlia, 18 de junho de 2025 A Federa\u00e7\u00e3o Nacional dos Policiais Rodovi\u00e1rios Federais (FenaPRF), entidade representativa de mais de 17 mil servidores da ativa e aposentados, manifesta seu veemente rep\u00fadio \u00e0 forma como foi redigido o item 5 do documento \u201cPlano de A\u00e7\u00e3o \u2013 Recep\u00e7\u00e3o dos novos PRFs\u201d (SEI n\u00ba 65967265), parte integrante do Processo [&hellip;]<\/p>\n","protected":false},"author":3,"featured_media":19441,"comment_status":"closed","ping_status":"closed","sticky":false,"template":"","format":"standard","meta":{"footnotes":""},"categories":[41],"tags":[],"class_list":["post-19440","post","type-post","status-publish","format-standard","has-post-thumbnail","hentry","category-noticias-em-destaque"],"_links":{"self":[{"href":"https:\/\/sinprfsp.org.br\/index.php\/wp-json\/wp\/v2\/posts\/19440","targetHints":{"allow":["GET"]}}],"collection":[{"href":"https:\/\/sinprfsp.org.br\/index.php\/wp-json\/wp\/v2\/posts"}],"about":[{"href":"https:\/\/sinprfsp.org.br\/index.php\/wp-json\/wp\/v2\/types\/post"}],"author":[{"embeddable":true,"href":"https:\/\/sinprfsp.org.br\/index.php\/wp-json\/wp\/v2\/users\/3"}],"replies":[{"embeddable":true,"href":"https:\/\/sinprfsp.org.br\/index.php\/wp-json\/wp\/v2\/comments?post=19440"}],"version-history":[{"count":1,"href":"https:\/\/sinprfsp.org.br\/index.php\/wp-json\/wp\/v2\/posts\/19440\/revisions"}],"predecessor-version":[{"id":19442,"href":"https:\/\/sinprfsp.org.br\/index.php\/wp-json\/wp\/v2\/posts\/19440\/revisions\/19442"}],"wp:featuredmedia":[{"embeddable":true,"href":"https:\/\/sinprfsp.org.br\/index.php\/wp-json\/wp\/v2\/media\/19441"}],"wp:attachment":[{"href":"https:\/\/sinprfsp.org.br\/index.php\/wp-json\/wp\/v2\/media?parent=19440"}],"wp:term":[{"taxonomy":"category","embeddable":true,"href":"https:\/\/sinprfsp.org.br\/index.php\/wp-json\/wp\/v2\/categories?post=19440"},{"taxonomy":"post_tag","embeddable":true,"href":"https:\/\/sinprfsp.org.br\/index.php\/wp-json\/wp\/v2\/tags?post=19440"}],"curies":[{"name":"wp","href":"https:\/\/api.w.org\/{rel}","templated":true}]}}