{"id":19478,"date":"2025-07-11T14:20:46","date_gmt":"2025-07-11T17:20:46","guid":{"rendered":"https:\/\/sinprfsp.org.br\/?p=19478"},"modified":"2025-07-11T14:20:47","modified_gmt":"2025-07-11T17:20:47","slug":"sistema-sindical-atua-para-reverter-suspensao-do-auxilio-transporte","status":"publish","type":"post","link":"https:\/\/sinprfsp.org.br\/index.php\/2025\/07\/11\/sistema-sindical-atua-para-reverter-suspensao-do-auxilio-transporte\/","title":{"rendered":"Sistema Sindical atua para reverter suspens\u00e3o do aux\u00edlio-transporte"},"content":{"rendered":"\n<p>Na tarde da \u00faltima ter\u00e7a-feira (8), o Sistema Sindical dos Policiais Rodovi\u00e1rios Federais foi surpreendido com a publica\u00e7\u00e3o do Of\u00edcio Circular n\u00ba 7\/2025\/DICJU\/CAPP\/CGAP\/DGP, que determina o cumprimento do Parecer de For\u00e7a Execut\u00f3ria n\u00ba 52\/2025\/NUESTCOL\/PRU1R\/PGU\/AGU. A medida visa cancelar o pagamento do aux\u00edlio-transporte aos servidores, mantendo o desconto de 6% sobre o subs\u00eddio, independentemente da utiliza\u00e7\u00e3o de ve\u00edculo pr\u00f3prio ou da apresenta\u00e7\u00e3o de comprovantes, conforme garantido anteriormente por decis\u00e3o liminar no processo n\u00ba 1008203-74.2025.4.01.3400.<\/p>\n\n\n\n<p>O parecer da Advocacia-Geral da Uni\u00e3o (AGU) baseou-se em ac\u00f3rd\u00e3o da 9\u00aa Turma do Tribunal Regional Federal da 1\u00aa Regi\u00e3o (TRF1), que acolheu agravo de instrumento interposto pela Uni\u00e3o (processo n\u00ba 1007728-36.2025.4.01.0000) e derrubou a liminar concedida em primeira inst\u00e2ncia.<\/p>\n\n\n\n<p>Diante da decis\u00e3o, o corpo jur\u00eddico da FenaPRF imediatamente protocolou embargos de declara\u00e7\u00e3o, apontando omiss\u00f5es e contradi\u00e7\u00f5es em rela\u00e7\u00e3o \u00e0 jurisprud\u00eancia consolidada sobre o tema, al\u00e9m de solicitar a concess\u00e3o de efeito suspensivo \u00e0 decis\u00e3o do TRF1.<\/p>\n\n\n\n<p>Paralelamente, o ju\u00edzo de primeira inst\u00e2ncia foi contatado e solicitou parecer ao Minist\u00e9rio P\u00fablico Federal (MPF), que se manifestou de forma favor\u00e1vel \u00e0 manuten\u00e7\u00e3o do pagamento do aux\u00edlio-transporte nos termos da liminar inicialmente concedida.<\/p>\n\n\n\n<p>Neste momento, a FenaPRF atua em duas frentes: busca junto ao TRF1 a suspens\u00e3o dos efeitos do ac\u00f3rd\u00e3o, e trabalha para que o ju\u00edzo singular profira senten\u00e7a definitiva assegurando o direito ao benef\u00edcio.<\/p>\n\n\n\n<p>A Federa\u00e7\u00e3o segue acompanhando de perto a tramita\u00e7\u00e3o do processo e manter\u00e1 a categoria informada sobre os desdobramentos da a\u00e7\u00e3o.<\/p>\n\n\n\n<p>Fonte: FenaPRF<\/p>\n","protected":false},"excerpt":{"rendered":"<p>Na tarde da \u00faltima ter\u00e7a-feira (8), o Sistema Sindical dos Policiais Rodovi\u00e1rios Federais foi surpreendido com a publica\u00e7\u00e3o do Of\u00edcio Circular n\u00ba 7\/2025\/DICJU\/CAPP\/CGAP\/DGP, que determina o cumprimento do Parecer de For\u00e7a Execut\u00f3ria n\u00ba 52\/2025\/NUESTCOL\/PRU1R\/PGU\/AGU. A medida visa cancelar o pagamento do aux\u00edlio-transporte aos servidores, mantendo o desconto de 6% sobre o subs\u00eddio, independentemente da utiliza\u00e7\u00e3o [&hellip;]<\/p>\n","protected":false},"author":3,"featured_media":19480,"comment_status":"closed","ping_status":"closed","sticky":false,"template":"","format":"standard","meta":{"footnotes":""},"categories":[41],"tags":[],"class_list":["post-19478","post","type-post","status-publish","format-standard","has-post-thumbnail","hentry","category-noticias-em-destaque"],"_links":{"self":[{"href":"https:\/\/sinprfsp.org.br\/index.php\/wp-json\/wp\/v2\/posts\/19478","targetHints":{"allow":["GET"]}}],"collection":[{"href":"https:\/\/sinprfsp.org.br\/index.php\/wp-json\/wp\/v2\/posts"}],"about":[{"href":"https:\/\/sinprfsp.org.br\/index.php\/wp-json\/wp\/v2\/types\/post"}],"author":[{"embeddable":true,"href":"https:\/\/sinprfsp.org.br\/index.php\/wp-json\/wp\/v2\/users\/3"}],"replies":[{"embeddable":true,"href":"https:\/\/sinprfsp.org.br\/index.php\/wp-json\/wp\/v2\/comments?post=19478"}],"version-history":[{"count":1,"href":"https:\/\/sinprfsp.org.br\/index.php\/wp-json\/wp\/v2\/posts\/19478\/revisions"}],"predecessor-version":[{"id":19479,"href":"https:\/\/sinprfsp.org.br\/index.php\/wp-json\/wp\/v2\/posts\/19478\/revisions\/19479"}],"wp:featuredmedia":[{"embeddable":true,"href":"https:\/\/sinprfsp.org.br\/index.php\/wp-json\/wp\/v2\/media\/19480"}],"wp:attachment":[{"href":"https:\/\/sinprfsp.org.br\/index.php\/wp-json\/wp\/v2\/media?parent=19478"}],"wp:term":[{"taxonomy":"category","embeddable":true,"href":"https:\/\/sinprfsp.org.br\/index.php\/wp-json\/wp\/v2\/categories?post=19478"},{"taxonomy":"post_tag","embeddable":true,"href":"https:\/\/sinprfsp.org.br\/index.php\/wp-json\/wp\/v2\/tags?post=19478"}],"curies":[{"name":"wp","href":"https:\/\/api.w.org\/{rel}","templated":true}]}}