{"id":19485,"date":"2025-07-16T20:03:15","date_gmt":"2025-07-16T23:03:15","guid":{"rendered":"https:\/\/sinprfsp.org.br\/?p=19485"},"modified":"2025-07-16T20:04:03","modified_gmt":"2025-07-16T23:04:03","slug":"nota-de-falecimento-prf-aposentado-darci-vieira-de-siqueira","status":"publish","type":"post","link":"https:\/\/sinprfsp.org.br\/index.php\/2025\/07\/16\/nota-de-falecimento-prf-aposentado-darci-vieira-de-siqueira\/","title":{"rendered":"Nota de Falecimento \u2013 PRF aposentado Darci Vieira de Siqueira"},"content":{"rendered":"\n<p>\u00c9 com imenso pesar que a Diretoria do Sindicato dos Policiais Rodovi\u00e1rios Federais no Estado de S\u00e3o Paulo (SINPRF-SP) comunica o falecimento do&nbsp;<strong>Policial Rodovi\u00e1rio Federal aposentado Darci Vieira de Siqueira, ocorrido nesta quarta-feira (16\/07).<\/strong><\/p>\n\n\n\n<p>Segundo informado pela fam\u00edlia, o vel\u00f3rio est\u00e1 sendo realizado no Vel\u00f3rio e Cremat\u00f3rio S\u00e3o Benedito, localizado na rua Dr. Em\u00edlio Winther, 720, no centro de Taubat\u00e9, at\u00e9 \u00e0s 22h desta quarta-feira.<\/p>\n\n\n\n<p>Neste momento rogamos a Deus, f\u00e9 e resigna\u00e7\u00e3o para que sua fam\u00edlia e amigos possam superar este momento de dor e grande perda.<\/p>\n","protected":false},"excerpt":{"rendered":"<p>\u00c9 com imenso pesar que a Diretoria do Sindicato dos Policiais Rodovi\u00e1rios Federais no Estado de S\u00e3o Paulo (SINPRF-SP) comunica o falecimento do&nbsp;Policial Rodovi\u00e1rio Federal aposentado Darci Vieira de Siqueira, ocorrido nesta quarta-feira (16\/07). Segundo informado pela fam\u00edlia, o vel\u00f3rio est\u00e1 sendo realizado no Vel\u00f3rio e Cremat\u00f3rio S\u00e3o Benedito, localizado na rua Dr. Em\u00edlio Winther, [&hellip;]<\/p>\n","protected":false},"author":3,"featured_media":19072,"comment_status":"closed","ping_status":"closed","sticky":false,"template":"","format":"standard","meta":{"footnotes":""},"categories":[1],"tags":[],"class_list":["post-19485","post","type-post","status-publish","format-standard","has-post-thumbnail","hentry","category-noticias-gerais"],"_links":{"self":[{"href":"https:\/\/sinprfsp.org.br\/index.php\/wp-json\/wp\/v2\/posts\/19485","targetHints":{"allow":["GET"]}}],"collection":[{"href":"https:\/\/sinprfsp.org.br\/index.php\/wp-json\/wp\/v2\/posts"}],"about":[{"href":"https:\/\/sinprfsp.org.br\/index.php\/wp-json\/wp\/v2\/types\/post"}],"author":[{"embeddable":true,"href":"https:\/\/sinprfsp.org.br\/index.php\/wp-json\/wp\/v2\/users\/3"}],"replies":[{"embeddable":true,"href":"https:\/\/sinprfsp.org.br\/index.php\/wp-json\/wp\/v2\/comments?post=19485"}],"version-history":[{"count":1,"href":"https:\/\/sinprfsp.org.br\/index.php\/wp-json\/wp\/v2\/posts\/19485\/revisions"}],"predecessor-version":[{"id":19486,"href":"https:\/\/sinprfsp.org.br\/index.php\/wp-json\/wp\/v2\/posts\/19485\/revisions\/19486"}],"wp:featuredmedia":[{"embeddable":true,"href":"https:\/\/sinprfsp.org.br\/index.php\/wp-json\/wp\/v2\/media\/19072"}],"wp:attachment":[{"href":"https:\/\/sinprfsp.org.br\/index.php\/wp-json\/wp\/v2\/media?parent=19485"}],"wp:term":[{"taxonomy":"category","embeddable":true,"href":"https:\/\/sinprfsp.org.br\/index.php\/wp-json\/wp\/v2\/categories?post=19485"},{"taxonomy":"post_tag","embeddable":true,"href":"https:\/\/sinprfsp.org.br\/index.php\/wp-json\/wp\/v2\/tags?post=19485"}],"curies":[{"name":"wp","href":"https:\/\/api.w.org\/{rel}","templated":true}]}}