{"id":19493,"date":"2025-07-18T15:22:02","date_gmt":"2025-07-18T18:22:02","guid":{"rendered":"https:\/\/sinprfsp.org.br\/?p=19493"},"modified":"2025-07-18T15:22:02","modified_gmt":"2025-07-18T18:22:02","slug":"alteracao-de-horario-das-eleicoes-sinprf-sp","status":"publish","type":"post","link":"https:\/\/sinprfsp.org.br\/index.php\/2025\/07\/18\/alteracao-de-horario-das-eleicoes-sinprf-sp\/","title":{"rendered":"Altera\u00e7\u00e3o de hor\u00e1rio das Elei\u00e7\u00f5es SINPRF-SP"},"content":{"rendered":"\n<p>Prezados(as) sindicalizados(as):<\/p>\n\n\n\n<p>O Sindicato dos Policiais Rodovi\u00e1rios Federais no Estado de S\u00e3o Paulo (SINPRF-SP) informa uma <strong>importante retifica\u00e7\u00e3o no hor\u00e1rio<\/strong> de <strong>vota\u00e7\u00e3o para as elei\u00e7\u00f5es dos Conselhos Fiscal e de \u00c9tica<\/strong>, que ocorrer\u00e3o em <strong>04 de agosto de 2025<\/strong>.<\/p>\n\n\n\n<p><strong>ATEN\u00c7\u00c3O:<\/strong> A vota\u00e7\u00e3o agora acontecer\u00e1 das <strong>08h \u00e0s 16h<\/strong>, conforme delibera\u00e7\u00e3o da Comiss\u00e3o Eleitoral. As demais disposi\u00e7\u00f5es do edital de convoca\u00e7\u00e3o permanecem inalteradas.<\/p>\n\n\n\n<p>Sua participa\u00e7\u00e3o \u00e9 fundamental! As elei\u00e7\u00f5es ser\u00e3o realizadas na Sede do SINPRF-SP, Superintend\u00eancia e em todas as Delegacias PRFs.<\/p>\n\n\n\n<p>Aproveitamos para informar que as inscri\u00e7\u00f5es dos candidatos aos cargos de Conselho Fiscal e Conselho de \u00c9tica foram devidamente registradas.<\/p>\n\n\n\n<p><strong>Confira os candidatos:<\/strong><\/p>\n\n\n\n<p><strong>Conselho Fiscal:<\/strong><\/p>\n\n\n\n<ul class=\"wp-block-list\"><li>Marcos de Jesus Viana;<\/li><li>Pedro Setembrino de Moraes;<\/li><li>Paulo Rogerio Alves de Souza;<\/li><li>Carlos Alberto Rodrigues Sanches;<\/li><li>Valter Rodrigues de Almeida;<\/li><li>Marcio Jos\u00e9 Pontes;<\/li><li>Silv\u00e9rio Bertochi.<\/li><\/ul>\n\n\n\n<p><strong>Conselho de \u00c9tica:<\/strong><\/p>\n\n\n\n<ul class=\"wp-block-list\"><li>Denis Paulo Santiago Cruz;<\/li><li>Alexandro Cristovan Tsukada;<\/li><li>Nilson Restanho;<\/li><li>Luiz Ant\u00f4nio de Oliveira;<\/li><li>Edson Luiz Lino Molinari.<\/li><\/ul>\n\n\n\n<p>Contamos com sua presen\u00e7a!<\/p>\n\n\n\n<p>Atenciosamente,<\/p>\n\n\n\n<p><strong>Comiss\u00e3o Eleitoral SINPRF-SP<\/strong><\/p>\n","protected":false},"excerpt":{"rendered":"<p>Prezados(as) sindicalizados(as): O Sindicato dos Policiais Rodovi\u00e1rios Federais no Estado de S\u00e3o Paulo (SINPRF-SP) informa uma importante retifica\u00e7\u00e3o no hor\u00e1rio de vota\u00e7\u00e3o para as elei\u00e7\u00f5es dos Conselhos Fiscal e de \u00c9tica, que ocorrer\u00e3o em 04 de agosto de 2025. ATEN\u00c7\u00c3O: A vota\u00e7\u00e3o agora acontecer\u00e1 das 08h \u00e0s 16h, conforme delibera\u00e7\u00e3o da Comiss\u00e3o Eleitoral. As demais [&hellip;]<\/p>\n","protected":false},"author":3,"featured_media":19495,"comment_status":"closed","ping_status":"closed","sticky":false,"template":"","format":"standard","meta":{"footnotes":""},"categories":[41],"tags":[],"class_list":["post-19493","post","type-post","status-publish","format-standard","has-post-thumbnail","hentry","category-noticias-em-destaque"],"_links":{"self":[{"href":"https:\/\/sinprfsp.org.br\/index.php\/wp-json\/wp\/v2\/posts\/19493","targetHints":{"allow":["GET"]}}],"collection":[{"href":"https:\/\/sinprfsp.org.br\/index.php\/wp-json\/wp\/v2\/posts"}],"about":[{"href":"https:\/\/sinprfsp.org.br\/index.php\/wp-json\/wp\/v2\/types\/post"}],"author":[{"embeddable":true,"href":"https:\/\/sinprfsp.org.br\/index.php\/wp-json\/wp\/v2\/users\/3"}],"replies":[{"embeddable":true,"href":"https:\/\/sinprfsp.org.br\/index.php\/wp-json\/wp\/v2\/comments?post=19493"}],"version-history":[{"count":1,"href":"https:\/\/sinprfsp.org.br\/index.php\/wp-json\/wp\/v2\/posts\/19493\/revisions"}],"predecessor-version":[{"id":19496,"href":"https:\/\/sinprfsp.org.br\/index.php\/wp-json\/wp\/v2\/posts\/19493\/revisions\/19496"}],"wp:featuredmedia":[{"embeddable":true,"href":"https:\/\/sinprfsp.org.br\/index.php\/wp-json\/wp\/v2\/media\/19495"}],"wp:attachment":[{"href":"https:\/\/sinprfsp.org.br\/index.php\/wp-json\/wp\/v2\/media?parent=19493"}],"wp:term":[{"taxonomy":"category","embeddable":true,"href":"https:\/\/sinprfsp.org.br\/index.php\/wp-json\/wp\/v2\/categories?post=19493"},{"taxonomy":"post_tag","embeddable":true,"href":"https:\/\/sinprfsp.org.br\/index.php\/wp-json\/wp\/v2\/tags?post=19493"}],"curies":[{"name":"wp","href":"https:\/\/api.w.org\/{rel}","templated":true}]}}