{"id":19576,"date":"2025-09-10T21:37:12","date_gmt":"2025-09-11T00:37:12","guid":{"rendered":"https:\/\/sinprfsp.org.br\/?p=19576"},"modified":"2025-09-10T21:37:13","modified_gmt":"2025-09-11T00:37:13","slug":"nota-de-falecimento-monica-patricia-carolina-gasparri-semmler-irma-do-prf-lenine","status":"publish","type":"post","link":"https:\/\/sinprfsp.org.br\/index.php\/2025\/09\/10\/nota-de-falecimento-monica-patricia-carolina-gasparri-semmler-irma-do-prf-lenine\/","title":{"rendered":"Nota de Falecimento \u2013 M\u00f4nica Patr\u00edcia Carolina Gasparri Semmler &#8211; Irm\u00e3 do PRF Lenine"},"content":{"rendered":"\n<p>\u00c9 com imenso pesar que a Diretoria do Sindicato dos Policiais Rodovi\u00e1rios Federais no Estado de S\u00e3o Paulo (SINPRF-SP) comunica o falecimento da senhora <strong>M\u00f4nica Patr\u00edcia Carolina Gasparri Semmler, irm\u00e3 do Policial Rodovi\u00e1rio Federal Lenine, ocorrido nesta quarta-feira (10\/09).<\/strong><\/p>\n\n\n\n<p>Segundo informado pela fam\u00edlia, o vel\u00f3rio ser\u00e1 realizado, nesta quinta-feira (11), no Vel\u00f3rio Bela Vista, localizado na avenida Dom Pedro I, 10, na Vila Osasco, na cidade de Osasco, a partir das 6h. O sepultamento est\u00e1 marcado para \u00e0s 11h, no mesmo local. &nbsp;<\/p>\n\n\n\n<p>Neste momento rogamos a Deus, f\u00e9 e resigna\u00e7\u00e3o para que sua fam\u00edlia e amigos possam superar este momento de dor e grande perda.<\/p>\n","protected":false},"excerpt":{"rendered":"<p>\u00c9 com imenso pesar que a Diretoria do Sindicato dos Policiais Rodovi\u00e1rios Federais no Estado de S\u00e3o Paulo (SINPRF-SP) comunica o falecimento da senhora M\u00f4nica Patr\u00edcia Carolina Gasparri Semmler, irm\u00e3 do Policial Rodovi\u00e1rio Federal Lenine, ocorrido nesta quarta-feira (10\/09). Segundo informado pela fam\u00edlia, o vel\u00f3rio ser\u00e1 realizado, nesta quinta-feira (11), no Vel\u00f3rio Bela Vista, localizado [&hellip;]<\/p>\n","protected":false},"author":3,"featured_media":18225,"comment_status":"closed","ping_status":"closed","sticky":false,"template":"","format":"standard","meta":{"footnotes":""},"categories":[1],"tags":[],"class_list":["post-19576","post","type-post","status-publish","format-standard","has-post-thumbnail","hentry","category-noticias-gerais"],"_links":{"self":[{"href":"https:\/\/sinprfsp.org.br\/index.php\/wp-json\/wp\/v2\/posts\/19576","targetHints":{"allow":["GET"]}}],"collection":[{"href":"https:\/\/sinprfsp.org.br\/index.php\/wp-json\/wp\/v2\/posts"}],"about":[{"href":"https:\/\/sinprfsp.org.br\/index.php\/wp-json\/wp\/v2\/types\/post"}],"author":[{"embeddable":true,"href":"https:\/\/sinprfsp.org.br\/index.php\/wp-json\/wp\/v2\/users\/3"}],"replies":[{"embeddable":true,"href":"https:\/\/sinprfsp.org.br\/index.php\/wp-json\/wp\/v2\/comments?post=19576"}],"version-history":[{"count":1,"href":"https:\/\/sinprfsp.org.br\/index.php\/wp-json\/wp\/v2\/posts\/19576\/revisions"}],"predecessor-version":[{"id":19577,"href":"https:\/\/sinprfsp.org.br\/index.php\/wp-json\/wp\/v2\/posts\/19576\/revisions\/19577"}],"wp:featuredmedia":[{"embeddable":true,"href":"https:\/\/sinprfsp.org.br\/index.php\/wp-json\/wp\/v2\/media\/18225"}],"wp:attachment":[{"href":"https:\/\/sinprfsp.org.br\/index.php\/wp-json\/wp\/v2\/media?parent=19576"}],"wp:term":[{"taxonomy":"category","embeddable":true,"href":"https:\/\/sinprfsp.org.br\/index.php\/wp-json\/wp\/v2\/categories?post=19576"},{"taxonomy":"post_tag","embeddable":true,"href":"https:\/\/sinprfsp.org.br\/index.php\/wp-json\/wp\/v2\/tags?post=19576"}],"curies":[{"name":"wp","href":"https:\/\/api.w.org\/{rel}","templated":true}]}}