{"id":19582,"date":"2025-09-19T09:43:28","date_gmt":"2025-09-19T12:43:28","guid":{"rendered":"https:\/\/sinprfsp.org.br\/?p=19582"},"modified":"2025-09-19T09:43:29","modified_gmt":"2025-09-19T12:43:29","slug":"sinprf-sp-participa-da-patrulha-da-saude-na-8a-delprf","status":"publish","type":"post","link":"https:\/\/sinprfsp.org.br\/index.php\/2025\/09\/19\/sinprf-sp-participa-da-patrulha-da-saude-na-8a-delprf\/","title":{"rendered":"SINPRF-SP participa da Patrulha da Sa\u00fade na 8\u00aa DelPRF"},"content":{"rendered":"\n<p>O Sindicato dos Policiais Rodovi\u00e1rios Federais no Estado de S\u00e3o Paulo (SINPRF-SP) esteve presente, na \u00faltima semana, na Patrulha da Sa\u00fade realizada na Faculdade Serra Dourada, em Lorena, com o efetivo da 8\u00aa Delegacia da PRF.<\/p>\n\n\n\n<p>Durante os tr\u00eas dias de atividades, o presidente do sindicato, Ot\u00e1vio Oliveira, esteve pr\u00f3ximo aos sindicalizados, esclarecendo d\u00favidas sobre temas de interesse da categoria. Entre os assuntos tratados, destacaram-se o Mandado de Seguran\u00e7a para o Abono de Perman\u00eancia, a tramita\u00e7\u00e3o da PEC 18 e a situa\u00e7\u00e3o das notifica\u00e7\u00f5es recebidas por alguns policiais para devolu\u00e7\u00e3o de valores do Aux\u00edlio Transporte.<\/p>\n\n\n\n<p>Ot\u00e1vio orientou os sindicalizados a verificarem com aten\u00e7\u00e3o as datas e os valores cobrados, apresentado a manifesta\u00e7\u00e3o como orientado na notifica\u00e7\u00e3o. Ressaltou ainda que o sindicato busca impugnar coletivamente a cobran\u00e7a, mas que a\u00e7\u00f5es judiciais individuais podem apresentar maiores chances de \u00eaxito para os que desejarem ingressar.<\/p>\n\n\n\n<p>Na Patrulha da Sa\u00fade, os PRFs tiveram acesso a uma ampla programa\u00e7\u00e3o voltada ao bem-estar e \u00e0 sa\u00fade. Foram realizadas palestras, exibi\u00e7\u00e3o de v\u00eddeos e debates sobre obesidade, vida saud\u00e1vel, import\u00e2ncia da atividade f\u00edsica, seguran\u00e7a psicol\u00f3gica e comunica\u00e7\u00e3o n\u00e3o violenta como ferramenta de qualidade de vida.<\/p>\n\n\n\n<p>Na ocasi\u00e3o tamb\u00e9m foi realizada a avalia\u00e7\u00e3o de marcadores individuais de sa\u00fade, seguindo protocolos validados pela comunidade cient\u00edfica, refor\u00e7ando a import\u00e2ncia da ado\u00e7\u00e3o de um estilo de vida equilibrado para os Policiais Rodovi\u00e1rios Federais.<\/p>\n","protected":false},"excerpt":{"rendered":"<p>O Sindicato dos Policiais Rodovi\u00e1rios Federais no Estado de S\u00e3o Paulo (SINPRF-SP) esteve presente, na \u00faltima semana, na Patrulha da Sa\u00fade realizada na Faculdade Serra Dourada, em Lorena, com o efetivo da 8\u00aa Delegacia da PRF. Durante os tr\u00eas dias de atividades, o presidente do sindicato, Ot\u00e1vio Oliveira, esteve pr\u00f3ximo aos sindicalizados, esclarecendo d\u00favidas sobre [&hellip;]<\/p>\n","protected":false},"author":3,"featured_media":19583,"comment_status":"closed","ping_status":"closed","sticky":false,"template":"","format":"standard","meta":{"footnotes":""},"categories":[41],"tags":[],"class_list":["post-19582","post","type-post","status-publish","format-standard","has-post-thumbnail","hentry","category-noticias-em-destaque"],"_links":{"self":[{"href":"https:\/\/sinprfsp.org.br\/index.php\/wp-json\/wp\/v2\/posts\/19582","targetHints":{"allow":["GET"]}}],"collection":[{"href":"https:\/\/sinprfsp.org.br\/index.php\/wp-json\/wp\/v2\/posts"}],"about":[{"href":"https:\/\/sinprfsp.org.br\/index.php\/wp-json\/wp\/v2\/types\/post"}],"author":[{"embeddable":true,"href":"https:\/\/sinprfsp.org.br\/index.php\/wp-json\/wp\/v2\/users\/3"}],"replies":[{"embeddable":true,"href":"https:\/\/sinprfsp.org.br\/index.php\/wp-json\/wp\/v2\/comments?post=19582"}],"version-history":[{"count":1,"href":"https:\/\/sinprfsp.org.br\/index.php\/wp-json\/wp\/v2\/posts\/19582\/revisions"}],"predecessor-version":[{"id":19584,"href":"https:\/\/sinprfsp.org.br\/index.php\/wp-json\/wp\/v2\/posts\/19582\/revisions\/19584"}],"wp:featuredmedia":[{"embeddable":true,"href":"https:\/\/sinprfsp.org.br\/index.php\/wp-json\/wp\/v2\/media\/19583"}],"wp:attachment":[{"href":"https:\/\/sinprfsp.org.br\/index.php\/wp-json\/wp\/v2\/media?parent=19582"}],"wp:term":[{"taxonomy":"category","embeddable":true,"href":"https:\/\/sinprfsp.org.br\/index.php\/wp-json\/wp\/v2\/categories?post=19582"},{"taxonomy":"post_tag","embeddable":true,"href":"https:\/\/sinprfsp.org.br\/index.php\/wp-json\/wp\/v2\/tags?post=19582"}],"curies":[{"name":"wp","href":"https:\/\/api.w.org\/{rel}","templated":true}]}}