{"id":19585,"date":"2025-09-26T10:59:48","date_gmt":"2025-09-26T13:59:48","guid":{"rendered":"https:\/\/sinprfsp.org.br\/?p=19585"},"modified":"2025-09-26T10:59:48","modified_gmt":"2025-09-26T13:59:48","slug":"fenaprf-e-dgp-da-prf-estabelecem-mesa-permanente-de-negociacao-e-dialogo","status":"publish","type":"post","link":"https:\/\/sinprfsp.org.br\/index.php\/2025\/09\/26\/fenaprf-e-dgp-da-prf-estabelecem-mesa-permanente-de-negociacao-e-dialogo\/","title":{"rendered":"FenaPRF e DGP da PRF estabelecem mesa permanente de negocia\u00e7\u00e3o e di\u00e1logo"},"content":{"rendered":"\n<p>A Federa\u00e7\u00e3o Nacional dos Policiais Rodovi\u00e1rios Federais (FenaPRF) participou de reuni\u00e3o com a Dire\u00e7\u00e3o de Gest\u00e3o de Pessoas (DGP) da Pol\u00edcia Rodovi\u00e1ria Federal na manh\u00e3 desta quinta-feira (25), ocasi\u00e3o em que foi formalizada a cria\u00e7\u00e3o de uma mesa de negocia\u00e7\u00e3o e di\u00e1logo permanente.<\/p>\n\n\n\n<p>O espa\u00e7o de di\u00e1logo ter\u00e1 car\u00e1ter mensal e ser\u00e1 destinado a tratar de quest\u00f5es relacionadas \u00e0 gest\u00e3o de pessoas, buscando solu\u00e7\u00f5es para demandas hist\u00f3ricas e atuais que impactam diretamente a vida funcional e o bem-estar dos servidores.<\/p>\n\n\n\n<p>O Presidente da Federa\u00e7\u00e3o, T\u00e1cio Melo, ressaltou \u201co di\u00e1logo construtivo sempre \u00e9 o caminho mais produtivo e c\u00e9lere para resolu\u00e7\u00e3o de situa\u00e7\u00f5es divergentes que afetam a todos n\u00f3s PRFs\u201d, disse.<\/p>\n\n\n\n<p>Com a iniciativa, o Sistema Sindical PRF refor\u00e7a seu compromisso de manter um canal aberto, transparente e cont\u00ednuo de di\u00e1logo com a administra\u00e7\u00e3o da PRF, valorizando a categoria e construindo, de forma conjunta, melhorias para todos os policiais rodovi\u00e1rios federais.<\/p>\n\n\n\n<p>Na ocasi\u00e3o, o SINPRF-SP foi representado por seu delegado representante, F\u00e1bio Lu\u00eds de Almeida. <\/p>\n","protected":false},"excerpt":{"rendered":"<p>A Federa\u00e7\u00e3o Nacional dos Policiais Rodovi\u00e1rios Federais (FenaPRF) participou de reuni\u00e3o com a Dire\u00e7\u00e3o de Gest\u00e3o de Pessoas (DGP) da Pol\u00edcia Rodovi\u00e1ria Federal na manh\u00e3 desta quinta-feira (25), ocasi\u00e3o em que foi formalizada a cria\u00e7\u00e3o de uma mesa de negocia\u00e7\u00e3o e di\u00e1logo permanente. O espa\u00e7o de di\u00e1logo ter\u00e1 car\u00e1ter mensal e ser\u00e1 destinado a tratar [&hellip;]<\/p>\n","protected":false},"author":3,"featured_media":19587,"comment_status":"closed","ping_status":"closed","sticky":false,"template":"","format":"standard","meta":{"footnotes":""},"categories":[41],"tags":[],"class_list":["post-19585","post","type-post","status-publish","format-standard","has-post-thumbnail","hentry","category-noticias-em-destaque"],"_links":{"self":[{"href":"https:\/\/sinprfsp.org.br\/index.php\/wp-json\/wp\/v2\/posts\/19585","targetHints":{"allow":["GET"]}}],"collection":[{"href":"https:\/\/sinprfsp.org.br\/index.php\/wp-json\/wp\/v2\/posts"}],"about":[{"href":"https:\/\/sinprfsp.org.br\/index.php\/wp-json\/wp\/v2\/types\/post"}],"author":[{"embeddable":true,"href":"https:\/\/sinprfsp.org.br\/index.php\/wp-json\/wp\/v2\/users\/3"}],"replies":[{"embeddable":true,"href":"https:\/\/sinprfsp.org.br\/index.php\/wp-json\/wp\/v2\/comments?post=19585"}],"version-history":[{"count":1,"href":"https:\/\/sinprfsp.org.br\/index.php\/wp-json\/wp\/v2\/posts\/19585\/revisions"}],"predecessor-version":[{"id":19588,"href":"https:\/\/sinprfsp.org.br\/index.php\/wp-json\/wp\/v2\/posts\/19585\/revisions\/19588"}],"wp:featuredmedia":[{"embeddable":true,"href":"https:\/\/sinprfsp.org.br\/index.php\/wp-json\/wp\/v2\/media\/19587"}],"wp:attachment":[{"href":"https:\/\/sinprfsp.org.br\/index.php\/wp-json\/wp\/v2\/media?parent=19585"}],"wp:term":[{"taxonomy":"category","embeddable":true,"href":"https:\/\/sinprfsp.org.br\/index.php\/wp-json\/wp\/v2\/categories?post=19585"},{"taxonomy":"post_tag","embeddable":true,"href":"https:\/\/sinprfsp.org.br\/index.php\/wp-json\/wp\/v2\/tags?post=19585"}],"curies":[{"name":"wp","href":"https:\/\/api.w.org\/{rel}","templated":true}]}}