{"id":19593,"date":"2025-09-29T10:20:46","date_gmt":"2025-09-29T13:20:46","guid":{"rendered":"https:\/\/sinprfsp.org.br\/?p=19593"},"modified":"2025-10-01T10:30:26","modified_gmt":"2025-10-01T13:30:26","slug":"entidades-apoiam-alivio-na-previdencia-de-policiais-na-pec-da-seguranca","status":"publish","type":"post","link":"https:\/\/sinprfsp.org.br\/index.php\/2025\/09\/29\/entidades-apoiam-alivio-na-previdencia-de-policiais-na-pec-da-seguranca\/","title":{"rendered":"Entidades apoiam al\u00edvio na Previd\u00eancia de policiais na PEC da Seguran\u00e7a"},"content":{"rendered":"\n<p>O jornal Folha de S.Paulo publicou, na edi\u00e7\u00e3o desta quarta-feira (24\/09), artigo assinado pela jornalista Danielle Brant intitulado \u201cEntidades apoiam al\u00edvio na Previd\u00eancia de policiais na PEC da Seguran\u00e7a\u201d. O texto destaca a mobiliza\u00e7\u00e3o de dez entidades nacionais representativas da seguran\u00e7a p\u00fablica em apoio \u00e0s emendas apresentadas pela deputada Laura Carneiro (PSD-RJ) na Proposta de Emenda \u00e0 Constitui\u00e7\u00e3o (PEC) da Seguran\u00e7a P\u00fablica.<\/p>\n\n\n\n<p>Al\u00e9m da FenaPRF, declararam apoio: FenaPEF (Policiais Federais), Cobrapol (Policiais Civis), Fenappf (Policiais Penais), Fenasppen (Policiais Penais), Fenaguardas (Guardas Municipais), Fenapff (Policiais Ferrovi\u00e1rios Federais), Fenasse (Agentes Socioeducativos), Intelis (carreiras da Ag\u00eancia Brasileira de Intelig\u00eancia) e ANGPB (Guardas Portu\u00e1rios).<\/p>\n\n\n\n<p><strong>Principais pontos das emendas<\/strong><\/p>\n\n\n\n<p>As propostas buscam adequar a reforma da Previd\u00eancia \u00e0s peculiaridades da atividade policial, alinhando-se \u00e0 decis\u00e3o recente do Supremo Tribunal Federal (STF) que restabeleceu crit\u00e9rios diferenciados de aposentadoria entre homens e mulheres policiais. A Corte determinou a redu\u00e7\u00e3o de tr\u00eas anos nos requisitos exigidos das mulheres at\u00e9 que o Congresso Nacional legisle definitivamente sobre o tema.<\/p>\n\n\n\n<p><strong>As emendas tamb\u00e9m preveem:<\/strong><\/p>\n\n\n\n<p>\u2022 Integralidade e paridade na aposentadoria, com proventos equivalentes ao cargo efetivo e reajustes iguais aos da ativa;<\/p>\n\n\n\n<p>\u2022 Ajustes nas regras de pens\u00e3o por morte e aposentadoria por invalidez;<\/p>\n\n\n\n<p>\u2022 Compet\u00eancia da Uni\u00e3o para legislar sobre normas gerais da atividade de intelig\u00eancia;<\/p>\n\n\n\n<p>\u2022 Inclus\u00e3o, entre os \u00f3rg\u00e3os de seguran\u00e7a p\u00fablica, das pol\u00edcias municipais, ag\u00eancias de seguran\u00e7a socioeducativas e guardas portu\u00e1rias.<\/p>\n\n\n\n<p><strong>Impacto para os PRFs<\/strong><\/p>\n\n\n\n<p>A mobiliza\u00e7\u00e3o conjunta das entidades mostra a for\u00e7a do trabalho integrado em defesa de direitos previdenci\u00e1rios mais justos e compat\u00edveis com a realidade da atividade policial. Para os Policiais Rodovi\u00e1rios Federais, a proposta representa um passo importante na valoriza\u00e7\u00e3o da carreira e na garantia de uma aposentadoria digna.<\/p>\n\n\n\n<p>O SINPRF-SP refor\u00e7a seu compromisso de acompanhar de perto a tramita\u00e7\u00e3o da PEC da Seguran\u00e7a, mantendo seus sindicalizados informados sobre cada avan\u00e7o no Congresso Nacional.<\/p>\n","protected":false},"excerpt":{"rendered":"<p>O jornal Folha de S.Paulo publicou, na edi\u00e7\u00e3o desta quarta-feira (24\/09), artigo assinado pela jornalista Danielle Brant intitulado \u201cEntidades apoiam al\u00edvio na Previd\u00eancia de policiais na PEC da Seguran\u00e7a\u201d. O texto destaca a mobiliza\u00e7\u00e3o de dez entidades nacionais representativas da seguran\u00e7a p\u00fablica em apoio \u00e0s emendas apresentadas pela deputada Laura Carneiro (PSD-RJ) na Proposta de [&hellip;]<\/p>\n","protected":false},"author":3,"featured_media":19594,"comment_status":"closed","ping_status":"closed","sticky":false,"template":"","format":"standard","meta":{"footnotes":""},"categories":[41],"tags":[],"class_list":["post-19593","post","type-post","status-publish","format-standard","has-post-thumbnail","hentry","category-noticias-em-destaque"],"_links":{"self":[{"href":"https:\/\/sinprfsp.org.br\/index.php\/wp-json\/wp\/v2\/posts\/19593","targetHints":{"allow":["GET"]}}],"collection":[{"href":"https:\/\/sinprfsp.org.br\/index.php\/wp-json\/wp\/v2\/posts"}],"about":[{"href":"https:\/\/sinprfsp.org.br\/index.php\/wp-json\/wp\/v2\/types\/post"}],"author":[{"embeddable":true,"href":"https:\/\/sinprfsp.org.br\/index.php\/wp-json\/wp\/v2\/users\/3"}],"replies":[{"embeddable":true,"href":"https:\/\/sinprfsp.org.br\/index.php\/wp-json\/wp\/v2\/comments?post=19593"}],"version-history":[{"count":1,"href":"https:\/\/sinprfsp.org.br\/index.php\/wp-json\/wp\/v2\/posts\/19593\/revisions"}],"predecessor-version":[{"id":19595,"href":"https:\/\/sinprfsp.org.br\/index.php\/wp-json\/wp\/v2\/posts\/19593\/revisions\/19595"}],"wp:featuredmedia":[{"embeddable":true,"href":"https:\/\/sinprfsp.org.br\/index.php\/wp-json\/wp\/v2\/media\/19594"}],"wp:attachment":[{"href":"https:\/\/sinprfsp.org.br\/index.php\/wp-json\/wp\/v2\/media?parent=19593"}],"wp:term":[{"taxonomy":"category","embeddable":true,"href":"https:\/\/sinprfsp.org.br\/index.php\/wp-json\/wp\/v2\/categories?post=19593"},{"taxonomy":"post_tag","embeddable":true,"href":"https:\/\/sinprfsp.org.br\/index.php\/wp-json\/wp\/v2\/tags?post=19593"}],"curies":[{"name":"wp","href":"https:\/\/api.w.org\/{rel}","templated":true}]}}