{"id":19596,"date":"2025-09-29T10:36:15","date_gmt":"2025-09-29T13:36:15","guid":{"rendered":"https:\/\/sinprfsp.org.br\/?p=19596"},"modified":"2025-10-01T10:36:51","modified_gmt":"2025-10-01T13:36:51","slug":"sinprf-sp-intensifica-articulacao-em-brasilia-pela-pec-18-2025","status":"publish","type":"post","link":"https:\/\/sinprfsp.org.br\/index.php\/2025\/09\/29\/sinprf-sp-intensifica-articulacao-em-brasilia-pela-pec-18-2025\/","title":{"rendered":"SINPRF-SP intensifica articula\u00e7\u00e3o em Bras\u00edlia pela PEC 18\/2025"},"content":{"rendered":"\n<p>Na \u00faltima semana, a diretoria do Sindicato dos Policiais Rodovi\u00e1rios Federais de S\u00e3o Paulo (SINPRF-SP) esteve em Bras\u00edlia dando continuidade ao trabalho de articula\u00e7\u00e3o pol\u00edtica em defesa dos interesses da categoria na tramita\u00e7\u00e3o da PEC 18\/2025, a chamada PEC da Seguran\u00e7a P\u00fablica.<\/p>\n\n\n\n<p>O prazo para apresenta\u00e7\u00e3o de emendas e coleta de assinaturas est\u00e1 aberto desde a semana retrasada. Conforme o regimento, s\u00e3o dez sess\u00f5es plen\u00e1rias para este procedimento, o que, considerando a m\u00e9dia de tr\u00eas sess\u00f5es semanais (ter\u00e7a, quarta e quinta-feira), leva o prazo final para 1\u00ba de outubro.<\/p>\n\n\n\n<p>Para que uma emenda seja formalmente recebida e passe a tramitar, \u00e9 necess\u00e1rio o apoio m\u00ednimo de 171 deputados federais. Uma vez atingido esse n\u00famero, a proposta pode n\u00e3o apenas ser discutida, mas tamb\u00e9m receber destaque para vota\u00e7\u00e3o na Comiss\u00e3o ou at\u00e9 mesmo em Plen\u00e1rio.<\/p>\n\n\n\n<p>Atualmente, quatro emendas foram protocoladas pelo deputado Nicoletti (Uni\u00e3o-RR), contemplando pontos fundamentais para a carreira PRF:<\/p>\n\n\n\n<p>\u2022&nbsp;&nbsp;&nbsp;&nbsp;&nbsp;&nbsp;&nbsp;&nbsp;&nbsp;&nbsp;&nbsp;&nbsp; Compet\u00eancias da PRF<\/p>\n\n\n\n<p>\u2022&nbsp;&nbsp;&nbsp;&nbsp;&nbsp;&nbsp;&nbsp;&nbsp;&nbsp;&nbsp;&nbsp;&nbsp; Previd\u00eancia e pens\u00e3o<\/p>\n\n\n\n<p>\u2022&nbsp;&nbsp;&nbsp;&nbsp;&nbsp;&nbsp;&nbsp;&nbsp;&nbsp;&nbsp;&nbsp;&nbsp; Adicional noturno<\/p>\n\n\n\n<p>\u2022&nbsp;&nbsp;&nbsp;&nbsp;&nbsp;&nbsp;&nbsp;&nbsp;&nbsp;&nbsp;&nbsp;&nbsp; Doc\u00eancia e atividades de sa\u00fade<\/p>\n\n\n\n<p>O trabalho de busca de apoio ocorre de duas formas: remotamente, com contatos diretos a gabinetes e parlamentares, e presencialmente, em Bras\u00edlia. Para fortalecer a mobiliza\u00e7\u00e3o, a diretoria do SINPRF-SP elaborou um folder institucional, j\u00e1 encaminhado a todos os deputados federais de S\u00e3o Paulo, e tamb\u00e9m entregue presencialmente, contendo informa\u00e7\u00f5es detalhadas sobre as emendas e um link direto para o sistema da C\u00e2mara dos Deputados, de modo a agilizar o processo de assinaturas.<\/p>\n\n\n\n<p>O SINPRF-SP reafirma seu compromisso de acompanhar cada etapa da tramita\u00e7\u00e3o da PEC 18\/2025, buscando garantir que as demandas da categoria sejam devidamente reconhecidas e incorporadas ao texto constitucional.<\/p>\n\n\n\n<p><strong>Confira o material entregue aos parlamentares de S\u00e3o Paulo:<\/strong> <a href=\"https:\/\/sinprfsp.org.br\/wp-content\/uploads\/2025\/10\/Folder-Emenda-PEC-18_.pdf\">https:\/\/sinprfsp.org.br\/wp-content\/uploads\/2025\/10\/Folder-Emenda-PEC-18_.pdf<\/a><\/p>\n\n\n\n<figure class=\"wp-block-gallery has-nested-images columns-default is-cropped wp-block-gallery-1 is-layout-flex wp-block-gallery-is-layout-flex\">\n<figure class=\"wp-block-image size-large\"><img fetchpriority=\"high\" decoding=\"async\" width=\"900\" height=\"808\" data-id=\"19603\" src=\"https:\/\/sinprfsp.org.br\/wp-content\/uploads\/2025\/10\/Visita_BSB_setembro_2025_04_-1.jpg\" alt=\"\" class=\"wp-image-19603\" srcset=\"https:\/\/sinprfsp.org.br\/wp-content\/uploads\/2025\/10\/Visita_BSB_setembro_2025_04_-1.jpg 900w, https:\/\/sinprfsp.org.br\/wp-content\/uploads\/2025\/10\/Visita_BSB_setembro_2025_04_-1-768x689.jpg 768w\" sizes=\"(max-width: 900px) 100vw, 900px\" \/><\/figure>\n\n\n\n<figure class=\"wp-block-image size-large\"><img decoding=\"async\" width=\"1024\" height=\"768\" data-id=\"19604\" src=\"https:\/\/sinprfsp.org.br\/wp-content\/uploads\/2025\/10\/Visita_BSB_setembro_2025_08_-1-1024x768.jpg\" alt=\"\" class=\"wp-image-19604\" srcset=\"https:\/\/sinprfsp.org.br\/wp-content\/uploads\/2025\/10\/Visita_BSB_setembro_2025_08_-1-1024x768.jpg 1024w, https:\/\/sinprfsp.org.br\/wp-content\/uploads\/2025\/10\/Visita_BSB_setembro_2025_08_-1-768x576.jpg 768w, https:\/\/sinprfsp.org.br\/wp-content\/uploads\/2025\/10\/Visita_BSB_setembro_2025_08_-1.jpg 1600w\" sizes=\"(max-width: 1024px) 100vw, 1024px\" \/><\/figure>\n<\/figure>\n\n\n\n<p><\/p>\n","protected":false},"excerpt":{"rendered":"<p>Na \u00faltima semana, a diretoria do Sindicato dos Policiais Rodovi\u00e1rios Federais de S\u00e3o Paulo (SINPRF-SP) esteve em Bras\u00edlia dando continuidade ao trabalho de articula\u00e7\u00e3o pol\u00edtica em defesa dos interesses da categoria na tramita\u00e7\u00e3o da PEC 18\/2025, a chamada PEC da Seguran\u00e7a P\u00fablica. O prazo para apresenta\u00e7\u00e3o de emendas e coleta de assinaturas est\u00e1 aberto desde [&hellip;]<\/p>\n","protected":false},"author":3,"featured_media":19599,"comment_status":"closed","ping_status":"closed","sticky":false,"template":"","format":"standard","meta":{"footnotes":""},"categories":[41],"tags":[],"class_list":["post-19596","post","type-post","status-publish","format-standard","has-post-thumbnail","hentry","category-noticias-em-destaque"],"_links":{"self":[{"href":"https:\/\/sinprfsp.org.br\/index.php\/wp-json\/wp\/v2\/posts\/19596","targetHints":{"allow":["GET"]}}],"collection":[{"href":"https:\/\/sinprfsp.org.br\/index.php\/wp-json\/wp\/v2\/posts"}],"about":[{"href":"https:\/\/sinprfsp.org.br\/index.php\/wp-json\/wp\/v2\/types\/post"}],"author":[{"embeddable":true,"href":"https:\/\/sinprfsp.org.br\/index.php\/wp-json\/wp\/v2\/users\/3"}],"replies":[{"embeddable":true,"href":"https:\/\/sinprfsp.org.br\/index.php\/wp-json\/wp\/v2\/comments?post=19596"}],"version-history":[{"count":2,"href":"https:\/\/sinprfsp.org.br\/index.php\/wp-json\/wp\/v2\/posts\/19596\/revisions"}],"predecessor-version":[{"id":19605,"href":"https:\/\/sinprfsp.org.br\/index.php\/wp-json\/wp\/v2\/posts\/19596\/revisions\/19605"}],"wp:featuredmedia":[{"embeddable":true,"href":"https:\/\/sinprfsp.org.br\/index.php\/wp-json\/wp\/v2\/media\/19599"}],"wp:attachment":[{"href":"https:\/\/sinprfsp.org.br\/index.php\/wp-json\/wp\/v2\/media?parent=19596"}],"wp:term":[{"taxonomy":"category","embeddable":true,"href":"https:\/\/sinprfsp.org.br\/index.php\/wp-json\/wp\/v2\/categories?post=19596"},{"taxonomy":"post_tag","embeddable":true,"href":"https:\/\/sinprfsp.org.br\/index.php\/wp-json\/wp\/v2\/tags?post=19596"}],"curies":[{"name":"wp","href":"https:\/\/api.w.org\/{rel}","templated":true}]}}