{"id":19606,"date":"2025-09-29T10:39:56","date_gmt":"2025-09-29T13:39:56","guid":{"rendered":"https:\/\/sinprfsp.org.br\/?p=19606"},"modified":"2025-10-01T10:40:23","modified_gmt":"2025-10-01T13:40:23","slug":"prf-sp-promove-acao-de-doacao-de-sangue","status":"publish","type":"post","link":"https:\/\/sinprfsp.org.br\/index.php\/2025\/09\/29\/prf-sp-promove-acao-de-doacao-de-sangue\/","title":{"rendered":"PRF-SP promove a\u00e7\u00e3o de doa\u00e7\u00e3o de sangue"},"content":{"rendered":"\n<p>Na manh\u00e3 da \u00faltima quarta-feira (24), Policiais Rodovi\u00e1rios Federais da Superintend\u00eancia da Pol\u00edcia Rodovi\u00e1ria Federal (PRF) em S\u00e3o Paulo participaram de uma importante a\u00e7\u00e3o coletiva de doa\u00e7\u00e3o de sangue na Funda\u00e7\u00e3o Pr\u00f3-Sangue, na capital paulista. A iniciativa contou com o apoio e participa\u00e7\u00e3o ativa do Sindicato dos Policiais Rodovi\u00e1rios Federais no Estado de S\u00e3o Paulo (SINPRF-SP).<\/p>\n\n\n\n<p>A mobiliza\u00e7\u00e3o teve como objetivo refor\u00e7ar os estoques de sangue em um per\u00edodo cr\u00edtico de baixa nas doa\u00e7\u00f5es, al\u00e9m de conscientizar a popula\u00e7\u00e3o sobre a import\u00e2ncia do ato de doar. O gesto de solidariedade tamb\u00e9m evidenciou o compromisso dos servidores da PRF com a prote\u00e7\u00e3o da vida em todas as suas formas.<\/p>\n\n\n\n<p>Cuidar da vida tamb\u00e9m \u00e9 uma miss\u00e3o que se cumpre com atitudes concretas de solidariedade.<\/p>\n\n\n\n<figure class=\"wp-block-gallery has-nested-images columns-default is-cropped wp-block-gallery-1 is-layout-flex wp-block-gallery-is-layout-flex\">\n<figure class=\"wp-block-image size-large\"><img fetchpriority=\"high\" decoding=\"async\" width=\"1024\" height=\"778\" data-id=\"19608\" src=\"https:\/\/sinprfsp.org.br\/wp-content\/uploads\/2025\/10\/Doacao_de_sangue_01_-1024x778.jpg\" alt=\"\" class=\"wp-image-19608\" srcset=\"https:\/\/sinprfsp.org.br\/wp-content\/uploads\/2025\/10\/Doacao_de_sangue_01_-1024x778.jpg 1024w, https:\/\/sinprfsp.org.br\/wp-content\/uploads\/2025\/10\/Doacao_de_sangue_01_-768x584.jpg 768w, https:\/\/sinprfsp.org.br\/wp-content\/uploads\/2025\/10\/Doacao_de_sangue_01_-600x455.jpg 600w, https:\/\/sinprfsp.org.br\/wp-content\/uploads\/2025\/10\/Doacao_de_sangue_01_.jpg 1200w\" sizes=\"(max-width: 1024px) 100vw, 1024px\" \/><\/figure>\n\n\n\n<figure class=\"wp-block-image size-large\"><img decoding=\"async\" width=\"1024\" height=\"823\" data-id=\"19609\" src=\"https:\/\/sinprfsp.org.br\/wp-content\/uploads\/2025\/10\/Doacao_de_sangue_02_-1024x823.jpg\" alt=\"\" class=\"wp-image-19609\" srcset=\"https:\/\/sinprfsp.org.br\/wp-content\/uploads\/2025\/10\/Doacao_de_sangue_02_-1024x823.jpg 1024w, https:\/\/sinprfsp.org.br\/wp-content\/uploads\/2025\/10\/Doacao_de_sangue_02_-768x617.jpg 768w, https:\/\/sinprfsp.org.br\/wp-content\/uploads\/2025\/10\/Doacao_de_sangue_02_.jpg 1200w\" sizes=\"(max-width: 1024px) 100vw, 1024px\" \/><\/figure>\n\n\n\n<figure class=\"wp-block-image size-large\"><img decoding=\"async\" width=\"1024\" height=\"534\" data-id=\"19611\" src=\"https:\/\/sinprfsp.org.br\/wp-content\/uploads\/2025\/10\/Doacao_de_sangue_03_-1-1024x534.jpg\" alt=\"\" class=\"wp-image-19611\" srcset=\"https:\/\/sinprfsp.org.br\/wp-content\/uploads\/2025\/10\/Doacao_de_sangue_03_-1-1024x534.jpg 1024w, https:\/\/sinprfsp.org.br\/wp-content\/uploads\/2025\/10\/Doacao_de_sangue_03_-1-768x401.jpg 768w, https:\/\/sinprfsp.org.br\/wp-content\/uploads\/2025\/10\/Doacao_de_sangue_03_-1.jpg 1438w\" sizes=\"(max-width: 1024px) 100vw, 1024px\" \/><\/figure>\n<\/figure>\n","protected":false},"excerpt":{"rendered":"<p>Na manh\u00e3 da \u00faltima quarta-feira (24), Policiais Rodovi\u00e1rios Federais da Superintend\u00eancia da Pol\u00edcia Rodovi\u00e1ria Federal (PRF) em S\u00e3o Paulo participaram de uma importante a\u00e7\u00e3o coletiva de doa\u00e7\u00e3o de sangue na Funda\u00e7\u00e3o Pr\u00f3-Sangue, na capital paulista. A iniciativa contou com o apoio e participa\u00e7\u00e3o ativa do Sindicato dos Policiais Rodovi\u00e1rios Federais no Estado de S\u00e3o Paulo [&hellip;]<\/p>\n","protected":false},"author":3,"featured_media":19612,"comment_status":"closed","ping_status":"closed","sticky":false,"template":"","format":"standard","meta":{"footnotes":""},"categories":[1],"tags":[],"class_list":["post-19606","post","type-post","status-publish","format-standard","has-post-thumbnail","hentry","category-noticias-gerais"],"_links":{"self":[{"href":"https:\/\/sinprfsp.org.br\/index.php\/wp-json\/wp\/v2\/posts\/19606","targetHints":{"allow":["GET"]}}],"collection":[{"href":"https:\/\/sinprfsp.org.br\/index.php\/wp-json\/wp\/v2\/posts"}],"about":[{"href":"https:\/\/sinprfsp.org.br\/index.php\/wp-json\/wp\/v2\/types\/post"}],"author":[{"embeddable":true,"href":"https:\/\/sinprfsp.org.br\/index.php\/wp-json\/wp\/v2\/users\/3"}],"replies":[{"embeddable":true,"href":"https:\/\/sinprfsp.org.br\/index.php\/wp-json\/wp\/v2\/comments?post=19606"}],"version-history":[{"count":1,"href":"https:\/\/sinprfsp.org.br\/index.php\/wp-json\/wp\/v2\/posts\/19606\/revisions"}],"predecessor-version":[{"id":19613,"href":"https:\/\/sinprfsp.org.br\/index.php\/wp-json\/wp\/v2\/posts\/19606\/revisions\/19613"}],"wp:featuredmedia":[{"embeddable":true,"href":"https:\/\/sinprfsp.org.br\/index.php\/wp-json\/wp\/v2\/media\/19612"}],"wp:attachment":[{"href":"https:\/\/sinprfsp.org.br\/index.php\/wp-json\/wp\/v2\/media?parent=19606"}],"wp:term":[{"taxonomy":"category","embeddable":true,"href":"https:\/\/sinprfsp.org.br\/index.php\/wp-json\/wp\/v2\/categories?post=19606"},{"taxonomy":"post_tag","embeddable":true,"href":"https:\/\/sinprfsp.org.br\/index.php\/wp-json\/wp\/v2\/tags?post=19606"}],"curies":[{"name":"wp","href":"https:\/\/api.w.org\/{rel}","templated":true}]}}