{"id":19614,"date":"2025-10-03T10:53:44","date_gmt":"2025-10-03T13:53:44","guid":{"rendered":"https:\/\/sinprfsp.org.br\/?p=19614"},"modified":"2025-10-03T16:21:15","modified_gmt":"2025-10-03T19:21:15","slug":"nota-de-falecimento-prf-marcilio-marinho-pereira","status":"publish","type":"post","link":"https:\/\/sinprfsp.org.br\/index.php\/2025\/10\/03\/nota-de-falecimento-prf-marcilio-marinho-pereira\/","title":{"rendered":"Nota de falecimento &#8211; PRF Marc\u00edlio Marinho Pereira"},"content":{"rendered":"\n<p>\u00c9 com imenso pesar que a Diretoria do Sindicato dos Policiais Rodovi\u00e1rios Federais no Estado de S\u00e3o Paulo (SINPRF-SP) comunica o falecimento do <strong>Policial Rodovi\u00e1rio Federal Marc\u00edlio Marinho Pereira<\/strong>, lotado<strong> na 8\u00aa Delegacia PRF de Roseira, ocorrido nesta sexta-feira (03\/10).<\/strong><\/p>\n\n\n\n<p>Segundo informado pela fam\u00edlia, o vel\u00f3rio ser\u00e1 realizado, nesta sexta-feira (03\/10), a <strong>partir das 18h<\/strong>, no <strong>Vel\u00f3rio Municipal de Guaratinguet\u00e1<\/strong>, localizado na Avenida Dr. Jo\u00e3o Batista Rangel Camargo, 340, no Centro (ao lado do IML e pr\u00f3ximo ao Senac).<\/p>\n\n\n\n<p>O sepultamento ser\u00e1 realizado neste s\u00e1bado (04\/10), no Cemit\u00e9rio Pio XII, na cidade de Aparecida, em hor\u00e1rio a ser definido.<\/p>\n\n\n\n<p>Neste momento rogamos a Deus, f\u00e9 e resigna\u00e7\u00e3o para que sua fam\u00edlia e amigos possam superar este momento de dor e grande perda.<\/p>\n","protected":false},"excerpt":{"rendered":"<p>\u00c9 com imenso pesar que a Diretoria do Sindicato dos Policiais Rodovi\u00e1rios Federais no Estado de S\u00e3o Paulo (SINPRF-SP) comunica o falecimento do Policial Rodovi\u00e1rio Federal Marc\u00edlio Marinho Pereira, lotado na 8\u00aa Delegacia PRF de Roseira, ocorrido nesta sexta-feira (03\/10). Segundo informado pela fam\u00edlia, o vel\u00f3rio ser\u00e1 realizado, nesta sexta-feira (03\/10), a partir das 18h, [&hellip;]<\/p>\n","protected":false},"author":3,"featured_media":19615,"comment_status":"closed","ping_status":"closed","sticky":false,"template":"","format":"standard","meta":{"footnotes":""},"categories":[41],"tags":[],"class_list":["post-19614","post","type-post","status-publish","format-standard","has-post-thumbnail","hentry","category-noticias-em-destaque"],"_links":{"self":[{"href":"https:\/\/sinprfsp.org.br\/index.php\/wp-json\/wp\/v2\/posts\/19614","targetHints":{"allow":["GET"]}}],"collection":[{"href":"https:\/\/sinprfsp.org.br\/index.php\/wp-json\/wp\/v2\/posts"}],"about":[{"href":"https:\/\/sinprfsp.org.br\/index.php\/wp-json\/wp\/v2\/types\/post"}],"author":[{"embeddable":true,"href":"https:\/\/sinprfsp.org.br\/index.php\/wp-json\/wp\/v2\/users\/3"}],"replies":[{"embeddable":true,"href":"https:\/\/sinprfsp.org.br\/index.php\/wp-json\/wp\/v2\/comments?post=19614"}],"version-history":[{"count":2,"href":"https:\/\/sinprfsp.org.br\/index.php\/wp-json\/wp\/v2\/posts\/19614\/revisions"}],"predecessor-version":[{"id":19618,"href":"https:\/\/sinprfsp.org.br\/index.php\/wp-json\/wp\/v2\/posts\/19614\/revisions\/19618"}],"wp:featuredmedia":[{"embeddable":true,"href":"https:\/\/sinprfsp.org.br\/index.php\/wp-json\/wp\/v2\/media\/19615"}],"wp:attachment":[{"href":"https:\/\/sinprfsp.org.br\/index.php\/wp-json\/wp\/v2\/media?parent=19614"}],"wp:term":[{"taxonomy":"category","embeddable":true,"href":"https:\/\/sinprfsp.org.br\/index.php\/wp-json\/wp\/v2\/categories?post=19614"},{"taxonomy":"post_tag","embeddable":true,"href":"https:\/\/sinprfsp.org.br\/index.php\/wp-json\/wp\/v2\/tags?post=19614"}],"curies":[{"name":"wp","href":"https:\/\/api.w.org\/{rel}","templated":true}]}}