{"id":19632,"date":"2025-10-15T14:33:44","date_gmt":"2025-10-15T17:33:44","guid":{"rendered":"https:\/\/sinprfsp.org.br\/?p=19632"},"modified":"2025-10-15T14:33:44","modified_gmt":"2025-10-15T17:33:44","slug":"fenaprf-participa-de-reuniao-com-o-vice-presidente-geraldo-alckmin-em-defesa-dos-direitos-previdenciarios-dos-policiais","status":"publish","type":"post","link":"https:\/\/sinprfsp.org.br\/index.php\/2025\/10\/15\/fenaprf-participa-de-reuniao-com-o-vice-presidente-geraldo-alckmin-em-defesa-dos-direitos-previdenciarios-dos-policiais\/","title":{"rendered":"FENAPRF participa de reuni\u00e3o com o Vice-Presidente Geraldo Alckmin em defesa dos direitos previdenci\u00e1rios dos policiais"},"content":{"rendered":"\n<p>A Federa\u00e7\u00e3o Nacional dos Policiais Rodovi\u00e1rios Federais (FENAPRF) participou, na noite desta segunda-feira (13\/10), de uma reuni\u00e3o na Vice-Presid\u00eancia da Rep\u00fablica com o vice-presidente Geraldo Alckmin, para tratar das demandas relacionadas \u00e0 PEC 18\/2025 (PEC da Seguran\u00e7a P\u00fablica). O encontro buscou o apoio do Governo Federal \u00e0 Emenda n\u00ba 11, que prop\u00f5e o restabelecimento de direitos previdenci\u00e1rios retirados pela reforma da Previd\u00eancia (Emenda Constitucional 103\/2019) e a corre\u00e7\u00e3o de distor\u00e7\u00f5es que afetam os profissionais da seguran\u00e7a p\u00fablica.<\/p>\n\n\n\n<p>A FENAPRF foi representada pelo diretor de Direitos Humanos, Bomfim Neto, que participou da reuni\u00e3o ao lado de diversas entidades nacionais da seguran\u00e7a p\u00fablica, como AMPOL, COBRAPOL, ADEPOL, FENASPPEN e outras federa\u00e7\u00f5es e associa\u00e7\u00f5es representativas.<\/p>\n\n\n\n<p>Durante a reuni\u00e3o, o vice-presidente Geraldo Alckmin demonstrou sensibilidade e abertura ao di\u00e1logo, reconhecendo as injusti\u00e7as sofridas pelos servidores e servidoras policiais, especialmente em rela\u00e7\u00e3o ao ped\u00e1gio de 100% imposto pelo governo anterior. O encontro foi considerado um marco importante para o avan\u00e7o das pautas que tratam da isonomia, paridade e integralidade das aposentadorias policiais, al\u00e9m da defesa da aposentadoria especial das mulheres.<\/p>\n\n\n\n<p>Segundo Bomfim Neto, a presen\u00e7a da FENAPRF refor\u00e7a o compromisso da Federa\u00e7\u00e3o com a valoriza\u00e7\u00e3o e a prote\u00e7\u00e3o dos profissionais da seguran\u00e7a p\u00fablica.<\/p>\n\n\n\n<p>\u201c\u00c9 fundamental garantir que os Policiais Rodovi\u00e1rios Federais estejam devidamente contemplados nas discuss\u00f5es da PEC 18. A busca \u00e9 por justi\u00e7a e equil\u00edbrio, para que todos os que dedicam suas vidas \u00e0 seguran\u00e7a da sociedade tenham seus direitos reconhecidos e respeitados\u201d, afirmou o diretor.<\/p>\n\n\n\n<p>A reuni\u00e3o contou com a presen\u00e7a de representantes de diversas entidades, entre elas a AMPOL, COBRAPOL, ADEPOL, FENASPPEN, FENAGUARDAS e outras institui\u00e7\u00f5es que atuam de forma unida em defesa dos profissionais de seguran\u00e7a p\u00fablica.<\/p>\n\n\n\n<p>A FENAPRF segue firme na articula\u00e7\u00e3o institucional, trabalhando junto ao Congresso Nacional e ao Governo Federal pela aprova\u00e7\u00e3o das emendas que garantem uma aposentadoria policial mais justa e a valoriza\u00e7\u00e3o da categoria.<\/p>\n\n\n\n<p>Fonte: FenaPRF<\/p>\n","protected":false},"excerpt":{"rendered":"<p>A Federa\u00e7\u00e3o Nacional dos Policiais Rodovi\u00e1rios Federais (FENAPRF) participou, na noite desta segunda-feira (13\/10), de uma reuni\u00e3o na Vice-Presid\u00eancia da Rep\u00fablica com o vice-presidente Geraldo Alckmin, para tratar das demandas relacionadas \u00e0 PEC 18\/2025 (PEC da Seguran\u00e7a P\u00fablica). O encontro buscou o apoio do Governo Federal \u00e0 Emenda n\u00ba 11, que prop\u00f5e o restabelecimento de [&hellip;]<\/p>\n","protected":false},"author":3,"featured_media":19633,"comment_status":"closed","ping_status":"closed","sticky":false,"template":"","format":"standard","meta":{"footnotes":""},"categories":[41],"tags":[],"class_list":["post-19632","post","type-post","status-publish","format-standard","has-post-thumbnail","hentry","category-noticias-em-destaque"],"_links":{"self":[{"href":"https:\/\/sinprfsp.org.br\/index.php\/wp-json\/wp\/v2\/posts\/19632","targetHints":{"allow":["GET"]}}],"collection":[{"href":"https:\/\/sinprfsp.org.br\/index.php\/wp-json\/wp\/v2\/posts"}],"about":[{"href":"https:\/\/sinprfsp.org.br\/index.php\/wp-json\/wp\/v2\/types\/post"}],"author":[{"embeddable":true,"href":"https:\/\/sinprfsp.org.br\/index.php\/wp-json\/wp\/v2\/users\/3"}],"replies":[{"embeddable":true,"href":"https:\/\/sinprfsp.org.br\/index.php\/wp-json\/wp\/v2\/comments?post=19632"}],"version-history":[{"count":1,"href":"https:\/\/sinprfsp.org.br\/index.php\/wp-json\/wp\/v2\/posts\/19632\/revisions"}],"predecessor-version":[{"id":19634,"href":"https:\/\/sinprfsp.org.br\/index.php\/wp-json\/wp\/v2\/posts\/19632\/revisions\/19634"}],"wp:featuredmedia":[{"embeddable":true,"href":"https:\/\/sinprfsp.org.br\/index.php\/wp-json\/wp\/v2\/media\/19633"}],"wp:attachment":[{"href":"https:\/\/sinprfsp.org.br\/index.php\/wp-json\/wp\/v2\/media?parent=19632"}],"wp:term":[{"taxonomy":"category","embeddable":true,"href":"https:\/\/sinprfsp.org.br\/index.php\/wp-json\/wp\/v2\/categories?post=19632"},{"taxonomy":"post_tag","embeddable":true,"href":"https:\/\/sinprfsp.org.br\/index.php\/wp-json\/wp\/v2\/tags?post=19632"}],"curies":[{"name":"wp","href":"https:\/\/api.w.org\/{rel}","templated":true}]}}