{"id":19635,"date":"2025-10-15T16:06:34","date_gmt":"2025-10-15T19:06:34","guid":{"rendered":"https:\/\/sinprfsp.org.br\/?p=19635"},"modified":"2025-10-15T16:14:40","modified_gmt":"2025-10-15T19:14:40","slug":"fenaprf-participa-de-audiencia-publica-sobre-os-reflexos-da-pec-da-seguranca-na-saude-dos-profissionais-da-area","status":"publish","type":"post","link":"https:\/\/sinprfsp.org.br\/index.php\/2025\/10\/15\/fenaprf-participa-de-audiencia-publica-sobre-os-reflexos-da-pec-da-seguranca-na-saude-dos-profissionais-da-area\/","title":{"rendered":"Sistema Sindical PRF participa de audi\u00eancia p\u00fablica sobre os reflexos da PEC da Seguran\u00e7a na sa\u00fade dos profissionais da \u00e1rea"},"content":{"rendered":"\n<p>A diretoria da Federa\u00e7\u00e3o Nacional dos Policiais Rodovi\u00e1rios Federais (FENAPRF) participou, nesta ter\u00e7a-feira (14), da audi\u00eancia p\u00fablica \u201cReflexos da PEC da Seguran\u00e7a na sa\u00fade dos profissionais da \u00e1rea\u201d, realizada na C\u00e2mara dos Deputados, em Bras\u00edlia. O encontro, proposto pelo deputado federal Sanderson (PL-RS), contou com a presen\u00e7a de diversas entidades representativas das for\u00e7as de seguran\u00e7a e de parlamentares engajados na pauta da valoriza\u00e7\u00e3o dos profissionais do setor.<\/p>\n\n\n\n<p>O presidente da FENAPRF, T\u00e1cio Melo, representou a categoria durante a audi\u00eancia, refor\u00e7ando a import\u00e2ncia da proposta e destacando a necessidade de aprimorar o texto da PEC 18\/2025, de modo a garantir seguran\u00e7a jur\u00eddica, condi\u00e7\u00f5es adequadas de trabalho e justi\u00e7a previdenci\u00e1ria para todos os policiais.<\/p>\n\n\n\n<p>\u201cEsta proposta, al\u00e9m de sua relev\u00e2ncia intr\u00ednseca, proporcionou uma uni\u00e3o significativa entre as diversas pol\u00edcias e os profissionais de seguran\u00e7a p\u00fablica. O texto, em grande parte, baseia-se em uma emenda apresentada pela deputada Laura Carneiro, a quem agrade\u00e7o pela coragem em trazer \u00e0 discuss\u00e3o temas t\u00e3o importantes\u201d, afirmou T\u00e1cio.<\/p>\n\n\n\n<p>Durante sua fala, o presidente ressaltou a necessidade de reconhecer a amplitude da atua\u00e7\u00e3o da Pol\u00edcia Rodovi\u00e1ria Federal (PRF), que vai muito al\u00e9m do patrulhamento das rodovias federais. Segundo ele, o texto atual da PEC precisa contemplar a realidade do trabalho da PRF, que frequentemente \u00e9 requisitada para opera\u00e7\u00f5es em diferentes contextos de seguran\u00e7a p\u00fablica, inclusive em coopera\u00e7\u00e3o com o Minist\u00e9rio P\u00fablico e outras institui\u00e7\u00f5es.<\/p>\n\n\n\n<p>T\u00e1cio alertou para a inseguran\u00e7a jur\u00eddica enfrentada pelos policiais em miss\u00f5es fora das rodovias, citando o epis\u00f3dio ocorrido em Varginha (MG) como exemplo dos riscos e da exposi\u00e7\u00e3o indevida dos agentes:<\/p>\n\n\n\n<p>\u201cQuando a PRF \u00e9 requisitada, existe uma inseguran\u00e7a jur\u00eddica para os policiais que est\u00e3o cumprindo suas miss\u00f5es. No caso de Varginha, colegas tiveram nomes e CPFs vazados, recebendo amea\u00e7as de morte, inclusive de dentro de pres\u00eddios. \u00c9 inaceit\u00e1vel que servidores que apenas cumprem ordens sejam expostos dessa forma\u201d, destacou.<\/p>\n\n\n\n<p>O presidente tamb\u00e9m refor\u00e7ou o trabalho das entidades representativas na defesa de melhorias previdenci\u00e1rias para a categoria e para todos os profissionais de seguran\u00e7a p\u00fablica, incluindo aqueles que ingressaram ap\u00f3s a Emenda Constitucional 103\/2019, al\u00e9m dos policiais municipais e outras for\u00e7as que ainda n\u00e3o estavam contempladas.<\/p>\n\n\n\n<p>\u201cEste \u00e9 o momento de, al\u00e9m de tratar das compet\u00eancias das institui\u00e7\u00f5es, priorizar o policial e o profissional de seguran\u00e7a. \u00c9 por eles que atuamos todos os dias\u201d, concluiu.<\/p>\n\n\n\n<p>O Sistema Sindical PRF segue atuando de forma propositiva e integrada com os parlamentares e demais entidades de classe, buscando assegurar que o texto final da PEC da Seguran\u00e7a reflita as necessidades reais dos profissionais que dedicam suas vidas \u00e0 prote\u00e7\u00e3o da sociedade brasileira.<\/p>\n","protected":false},"excerpt":{"rendered":"<p>A diretoria da Federa\u00e7\u00e3o Nacional dos Policiais Rodovi\u00e1rios Federais (FENAPRF) participou, nesta ter\u00e7a-feira (14), da audi\u00eancia p\u00fablica \u201cReflexos da PEC da Seguran\u00e7a na sa\u00fade dos profissionais da \u00e1rea\u201d, realizada na C\u00e2mara dos Deputados, em Bras\u00edlia. O encontro, proposto pelo deputado federal Sanderson (PL-RS), contou com a presen\u00e7a de diversas entidades representativas das for\u00e7as de seguran\u00e7a [&hellip;]<\/p>\n","protected":false},"author":3,"featured_media":19636,"comment_status":"closed","ping_status":"closed","sticky":false,"template":"","format":"standard","meta":{"footnotes":""},"categories":[41],"tags":[],"class_list":["post-19635","post","type-post","status-publish","format-standard","has-post-thumbnail","hentry","category-noticias-em-destaque"],"_links":{"self":[{"href":"https:\/\/sinprfsp.org.br\/index.php\/wp-json\/wp\/v2\/posts\/19635","targetHints":{"allow":["GET"]}}],"collection":[{"href":"https:\/\/sinprfsp.org.br\/index.php\/wp-json\/wp\/v2\/posts"}],"about":[{"href":"https:\/\/sinprfsp.org.br\/index.php\/wp-json\/wp\/v2\/types\/post"}],"author":[{"embeddable":true,"href":"https:\/\/sinprfsp.org.br\/index.php\/wp-json\/wp\/v2\/users\/3"}],"replies":[{"embeddable":true,"href":"https:\/\/sinprfsp.org.br\/index.php\/wp-json\/wp\/v2\/comments?post=19635"}],"version-history":[{"count":2,"href":"https:\/\/sinprfsp.org.br\/index.php\/wp-json\/wp\/v2\/posts\/19635\/revisions"}],"predecessor-version":[{"id":19638,"href":"https:\/\/sinprfsp.org.br\/index.php\/wp-json\/wp\/v2\/posts\/19635\/revisions\/19638"}],"wp:featuredmedia":[{"embeddable":true,"href":"https:\/\/sinprfsp.org.br\/index.php\/wp-json\/wp\/v2\/media\/19636"}],"wp:attachment":[{"href":"https:\/\/sinprfsp.org.br\/index.php\/wp-json\/wp\/v2\/media?parent=19635"}],"wp:term":[{"taxonomy":"category","embeddable":true,"href":"https:\/\/sinprfsp.org.br\/index.php\/wp-json\/wp\/v2\/categories?post=19635"},{"taxonomy":"post_tag","embeddable":true,"href":"https:\/\/sinprfsp.org.br\/index.php\/wp-json\/wp\/v2\/tags?post=19635"}],"curies":[{"name":"wp","href":"https:\/\/api.w.org\/{rel}","templated":true}]}}