{"id":19640,"date":"2025-10-21T09:09:07","date_gmt":"2025-10-21T12:09:07","guid":{"rendered":"https:\/\/sinprfsp.org.br\/?p=19640"},"modified":"2025-10-21T09:09:07","modified_gmt":"2025-10-21T12:09:07","slug":"prf-no-combate-a-violencia-contra-a-mulher","status":"publish","type":"post","link":"https:\/\/sinprfsp.org.br\/index.php\/2025\/10\/21\/prf-no-combate-a-violencia-contra-a-mulher\/","title":{"rendered":"PRF no combate \u00e0 viol\u00eancia contra a mulher"},"content":{"rendered":"\n<p>A Pol\u00edcia Rodovi\u00e1ria Federal refor\u00e7ou o compromisso com a prote\u00e7\u00e3o das mulheres em todo o pa\u00eds durante a <strong>Opera\u00e7\u00e3o Alerta Lil\u00e1s<\/strong>, a\u00e7\u00e3o nacional de enfrentamento \u00e0 viol\u00eancia dom\u00e9stica, realizada entre os dias 3 e 10 de outubro, voltada ao combate \u00e0 viol\u00eancia de g\u00eanero e ao cumprimento de mandados de pris\u00e3o relacionados a esse tipo de crime.<\/p>\n\n\n\n<p>Com o apoio da intelig\u00eancia e da tecnologia, a PRF realizou <strong>83 pris\u00f5es<\/strong>, garantindo que agressores com mandados de pris\u00e3o fossem retirados de circula\u00e7\u00e3o.<\/p>\n\n\n\n<p>Essa iniciativa integra o esfor\u00e7o conjunto do <strong>Minist\u00e9rio das Mulheres<\/strong>, do <strong>Minist\u00e9rio da Justi\u00e7a e Seguran\u00e7a P\u00fablica<\/strong> e da <strong>PRF<\/strong>, reafirmando o papel essencial da institui\u00e7\u00e3o na <strong>defesa da vida, da dignidade e dos direitos humanos<\/strong>.<\/p>\n\n\n\n<p>Cada opera\u00e7\u00e3o representa o compromisso da PRF com uma sociedade mais justa e segura para todos.<\/p>\n\n\n\n<p> Viol\u00eancia n\u00e3o se silencia, se denuncia.<br> Disque <strong>180<\/strong> ou ligue <strong>191<\/strong><\/p>\n\n\n\n<p>#PRF #SINPRFSP #Opera\u00e7\u00e3oAlertaLil\u00e1s #Combate\u00c0Viol\u00eancia #Viol\u00eanciaContraAMulherN\u00e3o #ProtegendoVidas<\/p>\n","protected":false},"excerpt":{"rendered":"<p>A Pol\u00edcia Rodovi\u00e1ria Federal refor\u00e7ou o compromisso com a prote\u00e7\u00e3o das mulheres em todo o pa\u00eds durante a Opera\u00e7\u00e3o Alerta Lil\u00e1s, a\u00e7\u00e3o nacional de enfrentamento \u00e0 viol\u00eancia dom\u00e9stica, realizada entre os dias 3 e 10 de outubro, voltada ao combate \u00e0 viol\u00eancia de g\u00eanero e ao cumprimento de mandados de pris\u00e3o relacionados a esse tipo [&hellip;]<\/p>\n","protected":false},"author":3,"featured_media":19641,"comment_status":"closed","ping_status":"closed","sticky":false,"template":"","format":"standard","meta":{"footnotes":""},"categories":[41],"tags":[],"class_list":["post-19640","post","type-post","status-publish","format-standard","has-post-thumbnail","hentry","category-noticias-em-destaque"],"_links":{"self":[{"href":"https:\/\/sinprfsp.org.br\/index.php\/wp-json\/wp\/v2\/posts\/19640","targetHints":{"allow":["GET"]}}],"collection":[{"href":"https:\/\/sinprfsp.org.br\/index.php\/wp-json\/wp\/v2\/posts"}],"about":[{"href":"https:\/\/sinprfsp.org.br\/index.php\/wp-json\/wp\/v2\/types\/post"}],"author":[{"embeddable":true,"href":"https:\/\/sinprfsp.org.br\/index.php\/wp-json\/wp\/v2\/users\/3"}],"replies":[{"embeddable":true,"href":"https:\/\/sinprfsp.org.br\/index.php\/wp-json\/wp\/v2\/comments?post=19640"}],"version-history":[{"count":1,"href":"https:\/\/sinprfsp.org.br\/index.php\/wp-json\/wp\/v2\/posts\/19640\/revisions"}],"predecessor-version":[{"id":19642,"href":"https:\/\/sinprfsp.org.br\/index.php\/wp-json\/wp\/v2\/posts\/19640\/revisions\/19642"}],"wp:featuredmedia":[{"embeddable":true,"href":"https:\/\/sinprfsp.org.br\/index.php\/wp-json\/wp\/v2\/media\/19641"}],"wp:attachment":[{"href":"https:\/\/sinprfsp.org.br\/index.php\/wp-json\/wp\/v2\/media?parent=19640"}],"wp:term":[{"taxonomy":"category","embeddable":true,"href":"https:\/\/sinprfsp.org.br\/index.php\/wp-json\/wp\/v2\/categories?post=19640"},{"taxonomy":"post_tag","embeddable":true,"href":"https:\/\/sinprfsp.org.br\/index.php\/wp-json\/wp\/v2\/tags?post=19640"}],"curies":[{"name":"wp","href":"https:\/\/api.w.org\/{rel}","templated":true}]}}