{"id":19655,"date":"2025-10-24T09:57:13","date_gmt":"2025-10-24T12:57:13","guid":{"rendered":"https:\/\/sinprfsp.org.br\/?p=19655"},"modified":"2025-10-24T09:57:14","modified_gmt":"2025-10-24T12:57:14","slug":"governo-federal-apresenta-proposta-de-correcao-dos-auxilios-para-2026","status":"publish","type":"post","link":"https:\/\/sinprfsp.org.br\/index.php\/2025\/10\/24\/governo-federal-apresenta-proposta-de-correcao-dos-auxilios-para-2026\/","title":{"rendered":"Governo Federal apresenta proposta de corre\u00e7\u00e3o dos aux\u00edlios para 2026"},"content":{"rendered":"\n<p>Foi apresentado, na 12\u00aa reuni\u00e3o da Mesa Nacional de Negocia\u00e7\u00e3o Permanente (MNNP), ocorrida nesta quarta-feira (22), proposta do Governo Federal de corre\u00e7\u00e3o dos aux\u00edlios para 2026.<\/p>\n\n\n\n<p>A proposta inicial do governo \u00e9 de apenas 17,5% de reajuste do aux\u00edlio-alimenta\u00e7\u00e3o, a partir de dezembro desse ano; e IPCA acumulado, para a assist\u00eancia \u00e0 sa\u00fade suplementar (\u201cper capita\u201d), a partir de abril de 2026, muito aqu\u00e9m do esperado e do que as categorias do servi\u00e7o p\u00fablico federal entendem como justo aos servidores.<\/p>\n\n\n\n<p>O Sistema Sindical PRF segue acompanhando as negocia\u00e7\u00f5es, e espera que haja um maior esfor\u00e7o do governo federal para que ocorra a equipara\u00e7\u00e3o dos aux\u00edlios entre os servidores dos tr\u00eas poderes, contribuindo para a valoriza\u00e7\u00e3o do servi\u00e7o p\u00fablico e para a reten\u00e7\u00e3o de profissionais em carreiras essenciais.<\/p>\n\n\n\n<p>\u201cA corre\u00e7\u00e3o dos aux\u00edlios \u00e9 passo indispens\u00e1vel para assegurar condi\u00e7\u00f5es dignas de trabalho e isonomia entre Poderes. \u00c9 tamb\u00e9m o reconhecimento do papel de quem sustenta, na ponta, a presta\u00e7\u00e3o dos servi\u00e7os p\u00fablicos \u00e0 sociedade\u201d, afirma Tacio Melo, presidente da FenaPRF.<\/p>\n\n\n\n<p><strong>Papel das entidades representativas<\/strong><br>O Sistema Sindical PRF destaca o trabalho cont\u00ednuo das entidades representativas na MNNP e em outras inst\u00e2ncias de di\u00e1logo institucional, cobrando a atualiza\u00e7\u00e3o dos aux\u00edlios e a manuten\u00e7\u00e3o de uma agenda permanente de recomposi\u00e7\u00e3o. Este resultado \u00e9 fruto de mobiliza\u00e7\u00e3o e trabalho t\u00e9cnico e propositivo, que tem priorizado solu\u00e7\u00f5es sustent\u00e1veis e a melhoria efetiva das condi\u00e7\u00f5es de trabalho dos servidores.<\/p>\n\n\n\n<p><strong>Continuidade da pol\u00edtica de recomposi\u00e7\u00e3o iniciada em 2023<\/strong><br>A proposta para 2026 d\u00e1 sequ\u00eancia \u00e0 pol\u00edtica de recomposi\u00e7\u00e3o dos aux\u00edlios iniciada em 2023, que j\u00e1 obteve marcos relevantes:<\/p>\n\n\n\n<p>\u2013 Aux\u00edlio-alimenta\u00e7\u00e3o: reajuste acumulado de 118%, com o valor chegando a R$ 1.000 em 2024;<br>\u2013 Assist\u00eancia pr\u00e9-escolar (aux\u00edlio-creche): corre\u00e7\u00e3o de 51% em 2024; e<br>\u2013 Assist\u00eancia \u00e0 sa\u00fade suplementar (per capita): reajustes entre 5% e 100%, com m\u00e9dia superior a 50%.<\/p>\n\n\n\n<p>Esses avan\u00e7os confirmam a trajet\u00f3ria de recupera\u00e7\u00e3o dos benef\u00edcios e a prioridade de corrigir as distor\u00e7\u00f5es em rela\u00e7\u00e3o aos demais poderes.<\/p>\n\n\n\n<p><strong>Pr\u00f3ximos passos<\/strong><br>Uma nova reuni\u00e3o ser\u00e1 realizada no pr\u00f3ximo dia 06 de novembro, onde ser\u00e3o fechados os valores das corre\u00e7\u00f5es, e as entidades seguem cobrando uma proposta que contemple a isonomia entre os poderes.<br>O Sistema Sindical PRF seguir\u00e1 atuando para assegurar a implementa\u00e7\u00e3o das corre\u00e7\u00f5es dos aux\u00edlios para 2026, com cronograma e regras claras, incluindo a aprova\u00e7\u00e3o pelo Congresso Nacional do Or\u00e7amento com os recursos necess\u00e1rios para a implementa\u00e7\u00e3o dos reajustes.<\/p>\n","protected":false},"excerpt":{"rendered":"<p>Foi apresentado, na 12\u00aa reuni\u00e3o da Mesa Nacional de Negocia\u00e7\u00e3o Permanente (MNNP), ocorrida nesta quarta-feira (22), proposta do Governo Federal de corre\u00e7\u00e3o dos aux\u00edlios para 2026. A proposta inicial do governo \u00e9 de apenas 17,5% de reajuste do aux\u00edlio-alimenta\u00e7\u00e3o, a partir de dezembro desse ano; e IPCA acumulado, para a assist\u00eancia \u00e0 sa\u00fade suplementar (\u201cper [&hellip;]<\/p>\n","protected":false},"author":3,"featured_media":19656,"comment_status":"closed","ping_status":"closed","sticky":false,"template":"","format":"standard","meta":{"footnotes":""},"categories":[41],"tags":[],"class_list":["post-19655","post","type-post","status-publish","format-standard","has-post-thumbnail","hentry","category-noticias-em-destaque"],"_links":{"self":[{"href":"https:\/\/sinprfsp.org.br\/index.php\/wp-json\/wp\/v2\/posts\/19655","targetHints":{"allow":["GET"]}}],"collection":[{"href":"https:\/\/sinprfsp.org.br\/index.php\/wp-json\/wp\/v2\/posts"}],"about":[{"href":"https:\/\/sinprfsp.org.br\/index.php\/wp-json\/wp\/v2\/types\/post"}],"author":[{"embeddable":true,"href":"https:\/\/sinprfsp.org.br\/index.php\/wp-json\/wp\/v2\/users\/3"}],"replies":[{"embeddable":true,"href":"https:\/\/sinprfsp.org.br\/index.php\/wp-json\/wp\/v2\/comments?post=19655"}],"version-history":[{"count":1,"href":"https:\/\/sinprfsp.org.br\/index.php\/wp-json\/wp\/v2\/posts\/19655\/revisions"}],"predecessor-version":[{"id":19657,"href":"https:\/\/sinprfsp.org.br\/index.php\/wp-json\/wp\/v2\/posts\/19655\/revisions\/19657"}],"wp:featuredmedia":[{"embeddable":true,"href":"https:\/\/sinprfsp.org.br\/index.php\/wp-json\/wp\/v2\/media\/19656"}],"wp:attachment":[{"href":"https:\/\/sinprfsp.org.br\/index.php\/wp-json\/wp\/v2\/media?parent=19655"}],"wp:term":[{"taxonomy":"category","embeddable":true,"href":"https:\/\/sinprfsp.org.br\/index.php\/wp-json\/wp\/v2\/categories?post=19655"},{"taxonomy":"post_tag","embeddable":true,"href":"https:\/\/sinprfsp.org.br\/index.php\/wp-json\/wp\/v2\/tags?post=19655"}],"curies":[{"name":"wp","href":"https:\/\/api.w.org\/{rel}","templated":true}]}}