{"id":19662,"date":"2025-10-24T18:48:53","date_gmt":"2025-10-24T21:48:53","guid":{"rendered":"https:\/\/sinprfsp.org.br\/?p=19662"},"modified":"2025-10-24T18:51:07","modified_gmt":"2025-10-24T21:51:07","slug":"sinprf-sp-participa-do-cop-internacional-2025-o-maior-evento-de-seguranca-publica-da-america-latina","status":"publish","type":"post","link":"https:\/\/sinprfsp.org.br\/index.php\/2025\/10\/24\/sinprf-sp-participa-do-cop-internacional-2025-o-maior-evento-de-seguranca-publica-da-america-latina\/","title":{"rendered":"SINPRF-SP participa do COP Internacional 2025, o maior evento de seguran\u00e7a p\u00fablica da Am\u00e9rica Latina"},"content":{"rendered":"\n<p>O COP Internacional 2025, realizado entre os dias 23 e 25 de outubro, no S\u00e3o Paulo Expo, reuniu autoridades, gestores, empresas de tecnologia, especialistas e for\u00e7as policiais do Brasil e do exterior. Considerado o maior evento de seguran\u00e7a p\u00fablica e atividade policial da Am\u00e9rica Latina, o encontro apresentou inova\u00e7\u00f5es, tecnologias e debates voltados ao fortalecimento da atua\u00e7\u00e3o policial e \u00e0 prote\u00e7\u00e3o da sociedade.<\/p>\n\n\n\n<p>O Sindicato dos Policiais Rodovi\u00e1rios Federais no Estado de S\u00e3o Paulo (SINPRF-SP) esteve representado pelo presidente Ot\u00e1vio Oliveira, pelo diretor Kleber Gomes de Fran\u00e7a e pelo delegado representante F\u00e1bio Lu\u00eds de Almeida.<\/p>\n\n\n\n<p>Entre os destaques do evento, estiveram as novas tecnologias aplicadas \u00e0 seguran\u00e7a p\u00fablica, como c\u00e2meras corporais, sistemas de intelig\u00eancia artificial, solu\u00e7\u00f5es de monitoramento e geolocaliza\u00e7\u00e3o, al\u00e9m de debates sobre o enfrentamento ao crime organizado e o uso de intelig\u00eancia policial.<\/p>\n\n\n\n<p>A Pol\u00edcia Rodovi\u00e1ria Federal (PRF) foi representada pelo Diretor-Geral Fernando Oliveira, que ministrou palestra sobre o uso de intelig\u00eancia artificial e drones nas fiscaliza\u00e7\u00f5es da institui\u00e7\u00e3o. Ele destacou que as aeronaves, com capacidade de zoom de at\u00e9 sete vezes e altitude operacional entre 10 e 20 metros, proporcionam vis\u00e3o privilegiada aos policiais e maior efici\u00eancia nas opera\u00e7\u00f5es.<\/p>\n\n\n\n<p>O Superintendente da PRF em S\u00e3o Paulo, Almeida J\u00fanior, tamb\u00e9m esteve presente no evento, representando a Superintend\u00eancia Regional da PRF em S\u00e3o Paulo, refor\u00e7ando o compromisso da institui\u00e7\u00e3o com a inova\u00e7\u00e3o tecnol\u00f3gica e a integra\u00e7\u00e3o das for\u00e7as de seguran\u00e7a no Estado.<\/p>\n\n\n\n<p>De acordo com as conclus\u00f5es apresentadas, o uso de tecnologias como drones, sistemas de an\u00e1lise de dados e ve\u00edculos equipados tem contribu\u00eddo significativamente para aprimorar a seguran\u00e7a nas rodovias e aumentar a capacidade de resposta a emerg\u00eancias. Com a evolu\u00e7\u00e3o tecnol\u00f3gica, a PRF se prepara para enfrentar os desafios futuros de forma ainda mais eficiente e integrada.<\/p>\n\n\n\n<p>O evento tamb\u00e9m contou com o primeiro painel \u201cMulheres na Seguran\u00e7a P\u00fablica\u201d, que teve a participa\u00e7\u00e3o da presidente do Sindicato dos Policiais Federais de S\u00e3o Paulo (SINPF-SP), Susanna do Val, fortalecendo o debate sobre representatividade e valoriza\u00e7\u00e3o feminina nas for\u00e7as de seguran\u00e7a.<\/p>\n\n\n\n<p>Para o presidente do SINPRF-SP, Ot\u00e1vio Oliveira, a participa\u00e7\u00e3o no evento refor\u00e7a o compromisso da entidade com a moderniza\u00e7\u00e3o e o aprimoramento das pr\u00e1ticas policiais. \u201cO COP Internacional \u00e9 uma oportunidade estrat\u00e9gica para trocarmos experi\u00eancias, conhecermos novas tecnologias e ampliarmos o di\u00e1logo entre as for\u00e7as de seguran\u00e7a. Esses encontros s\u00e3o fundamentais para que possamos acompanhar as transforma\u00e7\u00f5es do setor e garantir um trabalho cada vez mais eficiente e seguro nas rodovias brasileiras\u201d, destacou Ot\u00e1vio Oliveira.<\/p>\n\n\n\n<p>O COP Internacional 2025 consolida-se, assim, como um espa\u00e7o de integra\u00e7\u00e3o, inova\u00e7\u00e3o e coopera\u00e7\u00e3o entre institui\u00e7\u00f5es p\u00fablicas e privadas, voltado ao fortalecimento da seguran\u00e7a p\u00fablica na Am\u00e9rica Latina.<\/p>\n\n\n\n<figure class=\"wp-block-gallery has-nested-images columns-default is-cropped wp-block-gallery-1 is-layout-flex wp-block-gallery-is-layout-flex\">\n<figure class=\"wp-block-image size-large\"><img fetchpriority=\"high\" decoding=\"async\" width=\"1024\" height=\"576\" data-id=\"19664\" src=\"https:\/\/sinprfsp.org.br\/wp-content\/uploads\/2025\/10\/COP_Internacional_02_ok-1024x576.jpg\" alt=\"\" class=\"wp-image-19664\" srcset=\"https:\/\/sinprfsp.org.br\/wp-content\/uploads\/2025\/10\/COP_Internacional_02_ok-1024x576.jpg 1024w, https:\/\/sinprfsp.org.br\/wp-content\/uploads\/2025\/10\/COP_Internacional_02_ok-768x432.jpg 768w, https:\/\/sinprfsp.org.br\/wp-content\/uploads\/2025\/10\/COP_Internacional_02_ok.jpg 1600w\" sizes=\"(max-width: 1024px) 100vw, 1024px\" \/><\/figure>\n\n\n\n<figure class=\"wp-block-image size-full\"><img decoding=\"async\" width=\"720\" height=\"540\" data-id=\"19671\" src=\"https:\/\/sinprfsp.org.br\/wp-content\/uploads\/2025\/10\/COP_Internacional_03_site.jpg\" alt=\"\" class=\"wp-image-19671\"\/><\/figure>\n<\/figure>\n\n\n\n<figure class=\"wp-block-gallery has-nested-images columns-default is-cropped wp-block-gallery-2 is-layout-flex wp-block-gallery-is-layout-flex\">\n<figure class=\"wp-block-image size-large\"><img decoding=\"async\" width=\"1024\" height=\"576\" data-id=\"19672\" src=\"https:\/\/sinprfsp.org.br\/wp-content\/uploads\/2025\/10\/COP_Internacional_04_ok-1-1024x576.jpg\" alt=\"\" class=\"wp-image-19672\" srcset=\"https:\/\/sinprfsp.org.br\/wp-content\/uploads\/2025\/10\/COP_Internacional_04_ok-1-1024x576.jpg 1024w, https:\/\/sinprfsp.org.br\/wp-content\/uploads\/2025\/10\/COP_Internacional_04_ok-1-768x432.jpg 768w, https:\/\/sinprfsp.org.br\/wp-content\/uploads\/2025\/10\/COP_Internacional_04_ok-1.jpg 1600w\" sizes=\"(max-width: 1024px) 100vw, 1024px\" \/><\/figure>\n<\/figure>\n","protected":false},"excerpt":{"rendered":"<p>O COP Internacional 2025, realizado entre os dias 23 e 25 de outubro, no S\u00e3o Paulo Expo, reuniu autoridades, gestores, empresas de tecnologia, especialistas e for\u00e7as policiais do Brasil e do exterior. Considerado o maior evento de seguran\u00e7a p\u00fablica e atividade policial da Am\u00e9rica Latina, o encontro apresentou inova\u00e7\u00f5es, tecnologias e debates voltados ao fortalecimento [&hellip;]<\/p>\n","protected":false},"author":3,"featured_media":19669,"comment_status":"closed","ping_status":"closed","sticky":false,"template":"","format":"standard","meta":{"footnotes":""},"categories":[41],"tags":[],"class_list":["post-19662","post","type-post","status-publish","format-standard","has-post-thumbnail","hentry","category-noticias-em-destaque"],"_links":{"self":[{"href":"https:\/\/sinprfsp.org.br\/index.php\/wp-json\/wp\/v2\/posts\/19662","targetHints":{"allow":["GET"]}}],"collection":[{"href":"https:\/\/sinprfsp.org.br\/index.php\/wp-json\/wp\/v2\/posts"}],"about":[{"href":"https:\/\/sinprfsp.org.br\/index.php\/wp-json\/wp\/v2\/types\/post"}],"author":[{"embeddable":true,"href":"https:\/\/sinprfsp.org.br\/index.php\/wp-json\/wp\/v2\/users\/3"}],"replies":[{"embeddable":true,"href":"https:\/\/sinprfsp.org.br\/index.php\/wp-json\/wp\/v2\/comments?post=19662"}],"version-history":[{"count":2,"href":"https:\/\/sinprfsp.org.br\/index.php\/wp-json\/wp\/v2\/posts\/19662\/revisions"}],"predecessor-version":[{"id":19673,"href":"https:\/\/sinprfsp.org.br\/index.php\/wp-json\/wp\/v2\/posts\/19662\/revisions\/19673"}],"wp:featuredmedia":[{"embeddable":true,"href":"https:\/\/sinprfsp.org.br\/index.php\/wp-json\/wp\/v2\/media\/19669"}],"wp:attachment":[{"href":"https:\/\/sinprfsp.org.br\/index.php\/wp-json\/wp\/v2\/media?parent=19662"}],"wp:term":[{"taxonomy":"category","embeddable":true,"href":"https:\/\/sinprfsp.org.br\/index.php\/wp-json\/wp\/v2\/categories?post=19662"},{"taxonomy":"post_tag","embeddable":true,"href":"https:\/\/sinprfsp.org.br\/index.php\/wp-json\/wp\/v2\/tags?post=19662"}],"curies":[{"name":"wp","href":"https:\/\/api.w.org\/{rel}","templated":true}]}}