{"id":19676,"date":"2025-10-27T15:56:47","date_gmt":"2025-10-27T18:56:47","guid":{"rendered":"https:\/\/sinprfsp.org.br\/?p=19676"},"modified":"2025-10-27T15:56:47","modified_gmt":"2025-10-27T18:56:47","slug":"fenaprf-integra-novo-conselho-de-entidades-representativas-de-profissionais-de-seguranca-publica","status":"publish","type":"post","link":"https:\/\/sinprfsp.org.br\/index.php\/2025\/10\/27\/fenaprf-integra-novo-conselho-de-entidades-representativas-de-profissionais-de-seguranca-publica\/","title":{"rendered":"FenaPRF integra novo Conselho de Entidades Representativas de Profissionais de Seguran\u00e7a P\u00fablica"},"content":{"rendered":"\n<p>Durante o COP Internacional, realizado na \u00faltima quinta-feira (23), em S\u00e3o Paulo, a Frente Parlamentar da Seguran\u00e7a P\u00fablica promoveu uma reuni\u00e3o para a cria\u00e7\u00e3o do Conselho de Entidades Representativas de Profissionais de Seguran\u00e7a P\u00fablica.<\/p>\n\n\n\n<p>O novo f\u00f3rum reunir\u00e1 as principais entidades nacionais que representam as carreiras policiais, com o objetivo de fortalecer a articula\u00e7\u00e3o entre as institui\u00e7\u00f5es e o Parlamento. A iniciativa busca coordenar a\u00e7\u00f5es voltadas \u00e0 prote\u00e7\u00e3o dos profissionais da \u00e1rea, promover pautas conjuntas sobre condi\u00e7\u00f5es de trabalho e valoriza\u00e7\u00e3o das carreiras, al\u00e9m de colaborar na formula\u00e7\u00e3o de proposi\u00e7\u00f5es legislativas e no aprimoramento de pol\u00edticas p\u00fablicas de seguran\u00e7a.<\/p>\n\n\n\n<p>A Federa\u00e7\u00e3o Nacional dos Policiais Rodovi\u00e1rios Federais (FenaPRF) ter\u00e1 assento no Conselho, sendo representada pelo diretor da entidade e delegado representante do SINPRF-SP, F\u00e1bio Lu\u00eds de Almeida.<\/p>\n\n\n\n<p>A cria\u00e7\u00e3o do Conselho representa um passo importante na integra\u00e7\u00e3o das for\u00e7as de seguran\u00e7a e no fortalecimento da defesa dos direitos e interesses dos profissionais que atuam na linha de frente da seguran\u00e7a p\u00fablica em todo o pa\u00eds.<\/p>\n","protected":false},"excerpt":{"rendered":"<p>Durante o COP Internacional, realizado na \u00faltima quinta-feira (23), em S\u00e3o Paulo, a Frente Parlamentar da Seguran\u00e7a P\u00fablica promoveu uma reuni\u00e3o para a cria\u00e7\u00e3o do Conselho de Entidades Representativas de Profissionais de Seguran\u00e7a P\u00fablica. O novo f\u00f3rum reunir\u00e1 as principais entidades nacionais que representam as carreiras policiais, com o objetivo de fortalecer a articula\u00e7\u00e3o entre [&hellip;]<\/p>\n","protected":false},"author":3,"featured_media":19677,"comment_status":"closed","ping_status":"closed","sticky":false,"template":"","format":"standard","meta":{"footnotes":""},"categories":[41],"tags":[],"class_list":["post-19676","post","type-post","status-publish","format-standard","has-post-thumbnail","hentry","category-noticias-em-destaque"],"_links":{"self":[{"href":"https:\/\/sinprfsp.org.br\/index.php\/wp-json\/wp\/v2\/posts\/19676","targetHints":{"allow":["GET"]}}],"collection":[{"href":"https:\/\/sinprfsp.org.br\/index.php\/wp-json\/wp\/v2\/posts"}],"about":[{"href":"https:\/\/sinprfsp.org.br\/index.php\/wp-json\/wp\/v2\/types\/post"}],"author":[{"embeddable":true,"href":"https:\/\/sinprfsp.org.br\/index.php\/wp-json\/wp\/v2\/users\/3"}],"replies":[{"embeddable":true,"href":"https:\/\/sinprfsp.org.br\/index.php\/wp-json\/wp\/v2\/comments?post=19676"}],"version-history":[{"count":1,"href":"https:\/\/sinprfsp.org.br\/index.php\/wp-json\/wp\/v2\/posts\/19676\/revisions"}],"predecessor-version":[{"id":19678,"href":"https:\/\/sinprfsp.org.br\/index.php\/wp-json\/wp\/v2\/posts\/19676\/revisions\/19678"}],"wp:featuredmedia":[{"embeddable":true,"href":"https:\/\/sinprfsp.org.br\/index.php\/wp-json\/wp\/v2\/media\/19677"}],"wp:attachment":[{"href":"https:\/\/sinprfsp.org.br\/index.php\/wp-json\/wp\/v2\/media?parent=19676"}],"wp:term":[{"taxonomy":"category","embeddable":true,"href":"https:\/\/sinprfsp.org.br\/index.php\/wp-json\/wp\/v2\/categories?post=19676"},{"taxonomy":"post_tag","embeddable":true,"href":"https:\/\/sinprfsp.org.br\/index.php\/wp-json\/wp\/v2\/tags?post=19676"}],"curies":[{"name":"wp","href":"https:\/\/api.w.org\/{rel}","templated":true}]}}