{"id":19759,"date":"2026-01-21T11:23:09","date_gmt":"2026-01-21T14:23:09","guid":{"rendered":"https:\/\/sinprfsp.org.br\/?p=19759"},"modified":"2026-01-21T11:23:10","modified_gmt":"2026-01-21T14:23:10","slug":"sistema-sindical-prf-solicita-a-diop-informacoes-sobre-compensacao-de-horas","status":"publish","type":"post","link":"https:\/\/sinprfsp.org.br\/index.php\/2026\/01\/21\/sistema-sindical-prf-solicita-a-diop-informacoes-sobre-compensacao-de-horas\/","title":{"rendered":"Sistema Sindical PRF solicita \u00e0 DIOP informa\u00e7\u00f5es sobre compensa\u00e7\u00e3o de horas"},"content":{"rendered":"\n<p>A Federa\u00e7\u00e3o Nacional dos Policiais Rodovi\u00e1rios Federais (FenaPRF) reuniu-se na tarde da \u00faltima ter\u00e7a-feira (20) com o Diretor de Opera\u00e7\u00f5es, PRF Marcus Vin\u00edcius, para tratar da Instru\u00e7\u00e3o de Servi\u00e7o (IS) n\u00ba 44, que vedou a concess\u00e3o de dispensa para compensa\u00e7\u00e3o de horas em determinadas datas, aplicando uma regra \u00fanica para todo o pa\u00eds.<\/p>\n\n\n\n<p>\u201cEssa veda\u00e7\u00e3o absoluta desconsidera as peculiaridades regionais e locais. O Brasil possui dimens\u00f5es continentais, e nem sempre uma data cr\u00edtica em uma regi\u00e3o demanda o mesmo esfor\u00e7o operacional em outra. Deve haver uma autonomia e discricionaridade do gestor regional e local para realizar essa an\u00e1lise\u201d, destacou Jos\u00e9 Henrique, vice-presidente da FenaPRF.<\/p>\n\n\n\n<p>O Diretor de Opera\u00e7\u00f5es, PRF Marcus Vin\u00edcius, demonstrou sensibilidade aos argumentos apresentados pela FenaPRF, e comprometeu-se a realizar os estudos e tratativas internas visando a flexibiliza\u00e7\u00e3o desse ponto da Instru\u00e7\u00e3o de Servi\u00e7o.<\/p>\n\n\n\n<p>O Sistema Sidnical PRF continuar\u00e1 acompanhando esses estudos para que a altera\u00e7\u00e3o normativa ocorra de forma c\u00e9lere, visando assegurar o direito do PRF de usufruir de seu banco de horas.<\/p>\n\n\n\n<p>Fonte: FenaPRF<\/p>\n","protected":false},"excerpt":{"rendered":"<p>A Federa\u00e7\u00e3o Nacional dos Policiais Rodovi\u00e1rios Federais (FenaPRF) reuniu-se na tarde da \u00faltima ter\u00e7a-feira (20) com o Diretor de Opera\u00e7\u00f5es, PRF Marcus Vin\u00edcius, para tratar da Instru\u00e7\u00e3o de Servi\u00e7o (IS) n\u00ba 44, que vedou a concess\u00e3o de dispensa para compensa\u00e7\u00e3o de horas em determinadas datas, aplicando uma regra \u00fanica para todo o pa\u00eds. \u201cEssa veda\u00e7\u00e3o [&hellip;]<\/p>\n","protected":false},"author":3,"featured_media":19760,"comment_status":"closed","ping_status":"closed","sticky":false,"template":"","format":"standard","meta":{"footnotes":""},"categories":[41],"tags":[],"class_list":["post-19759","post","type-post","status-publish","format-standard","has-post-thumbnail","hentry","category-noticias-em-destaque"],"_links":{"self":[{"href":"https:\/\/sinprfsp.org.br\/index.php\/wp-json\/wp\/v2\/posts\/19759","targetHints":{"allow":["GET"]}}],"collection":[{"href":"https:\/\/sinprfsp.org.br\/index.php\/wp-json\/wp\/v2\/posts"}],"about":[{"href":"https:\/\/sinprfsp.org.br\/index.php\/wp-json\/wp\/v2\/types\/post"}],"author":[{"embeddable":true,"href":"https:\/\/sinprfsp.org.br\/index.php\/wp-json\/wp\/v2\/users\/3"}],"replies":[{"embeddable":true,"href":"https:\/\/sinprfsp.org.br\/index.php\/wp-json\/wp\/v2\/comments?post=19759"}],"version-history":[{"count":1,"href":"https:\/\/sinprfsp.org.br\/index.php\/wp-json\/wp\/v2\/posts\/19759\/revisions"}],"predecessor-version":[{"id":19761,"href":"https:\/\/sinprfsp.org.br\/index.php\/wp-json\/wp\/v2\/posts\/19759\/revisions\/19761"}],"wp:featuredmedia":[{"embeddable":true,"href":"https:\/\/sinprfsp.org.br\/index.php\/wp-json\/wp\/v2\/media\/19760"}],"wp:attachment":[{"href":"https:\/\/sinprfsp.org.br\/index.php\/wp-json\/wp\/v2\/media?parent=19759"}],"wp:term":[{"taxonomy":"category","embeddable":true,"href":"https:\/\/sinprfsp.org.br\/index.php\/wp-json\/wp\/v2\/categories?post=19759"},{"taxonomy":"post_tag","embeddable":true,"href":"https:\/\/sinprfsp.org.br\/index.php\/wp-json\/wp\/v2\/tags?post=19759"}],"curies":[{"name":"wp","href":"https:\/\/api.w.org\/{rel}","templated":true}]}}