{"id":19763,"date":"2026-01-22T20:31:59","date_gmt":"2026-01-22T23:31:59","guid":{"rendered":"https:\/\/sinprfsp.org.br\/?p=19763"},"modified":"2026-01-22T20:31:59","modified_gmt":"2026-01-22T23:31:59","slug":"fenaprf-fenapef-e-cobrapol-articulam-junto-ao-governo-federal-o-resgate-da-previdencia-e-pensao-policial-na-pec-18-2025","status":"publish","type":"post","link":"https:\/\/sinprfsp.org.br\/index.php\/2026\/01\/22\/fenaprf-fenapef-e-cobrapol-articulam-junto-ao-governo-federal-o-resgate-da-previdencia-e-pensao-policial-na-pec-18-2025\/","title":{"rendered":"FenaPRF, Fenapef e Cobrapol articulam junto ao Governo Federal o resgate da previd\u00eancia e pens\u00e3o policial na PEC 18\/2025"},"content":{"rendered":"\n<p><em>Em reuni\u00e3o com a Ministra Gleisi Hoffmann, entidades buscaram o apoio do governo \u00e0s emendas e destaques que garantem justi\u00e7a e seguran\u00e7a jur\u00eddica no trabalho policial<\/em><\/p>\n\n\n\n<p>A Federa\u00e7\u00e3o Nacional dos Policiais Rodovi\u00e1rios Federais (FenaPRF), em atua\u00e7\u00e3o conjunta com a FENAPEF (Policiais Federais) e a Cobrapol (Policiais Civis), reuniu-se na tarde desta quinta-feira (22) com a Ministra da Secretaria de Rela\u00e7\u00f5es Institucionais (SRI), Gleisi Hoffmann, para tratar da tramita\u00e7\u00e3o da PEC da Seguran\u00e7a P\u00fablica (PEC n\u00ba 18, de 2025).<\/p>\n\n\n\n<p>Embora a PEC 18\/2025 trate da estrutura\u00e7\u00e3o do sistema de seguran\u00e7a, as entidades destacaram que o debate n\u00e3o pode avan\u00e7ar sem corrigir as distor\u00e7\u00f5es que atingem a seguran\u00e7a jur\u00eddica dos policiais.<\/p>\n\n\n\n<p>Os dirigentes apresentaram \u00e0 Ministra a necessidade de se apoiar e aprovar as Emendas e Destaques j\u00e1 articulados pelas entidades no Congresso Nacional, que possuem o objetivo de promover o resgate das regras de previd\u00eancia e pens\u00e3o policial, garantindo a prote\u00e7\u00e3o social adequada a quem arrisca a vida em defesa da sociedade. \u201cA aprova\u00e7\u00e3o das emendas \u00e0 PEC 18 \u00e9 uma oportunidade \u00fanica para devolver a seguran\u00e7a jur\u00eddica aos Policiais Rodovi\u00e1rios Federais e suas fam\u00edlias, reparando perdas hist\u00f3ricas\u201d, destacou Jos\u00e9 Henrique, vice-presidente da FenaPRF.<\/p>\n\n\n\n<p>A Ministra Gleisi Hoffmann, respons\u00e1vel pela articula\u00e7\u00e3o pol\u00edtica do Planalto, mostrou-se sens\u00edvel \u00e0 demanda apresentada pelos representantes das for\u00e7as de seguran\u00e7a. Ela se comprometeu a realizar as tratativas internas no governo e conduzir os estudos necess\u00e1rios para viabilizar o apoio pol\u00edtico \u00e0s altera\u00e7\u00f5es propostas pelas categorias.<\/p>\n\n\n\n<p>A FenaPRF, juntamente com as demais entidades, manter\u00e1 a mobiliza\u00e7\u00e3o no Congresso e no Executivo para viabilizar o resgate dos direitos previdenci\u00e1rios dos policiais.<\/p>\n\n\n\n<p>Fonte: FenaPRF<\/p>\n","protected":false},"excerpt":{"rendered":"<p>Em reuni\u00e3o com a Ministra Gleisi Hoffmann, entidades buscaram o apoio do governo \u00e0s emendas e destaques que garantem justi\u00e7a e seguran\u00e7a jur\u00eddica no trabalho policial A Federa\u00e7\u00e3o Nacional dos Policiais Rodovi\u00e1rios Federais (FenaPRF), em atua\u00e7\u00e3o conjunta com a FENAPEF (Policiais Federais) e a Cobrapol (Policiais Civis), reuniu-se na tarde desta quinta-feira (22) com a [&hellip;]<\/p>\n","protected":false},"author":3,"featured_media":19764,"comment_status":"closed","ping_status":"closed","sticky":false,"template":"","format":"standard","meta":{"footnotes":""},"categories":[1],"tags":[],"class_list":["post-19763","post","type-post","status-publish","format-standard","has-post-thumbnail","hentry","category-noticias-gerais"],"_links":{"self":[{"href":"https:\/\/sinprfsp.org.br\/index.php\/wp-json\/wp\/v2\/posts\/19763","targetHints":{"allow":["GET"]}}],"collection":[{"href":"https:\/\/sinprfsp.org.br\/index.php\/wp-json\/wp\/v2\/posts"}],"about":[{"href":"https:\/\/sinprfsp.org.br\/index.php\/wp-json\/wp\/v2\/types\/post"}],"author":[{"embeddable":true,"href":"https:\/\/sinprfsp.org.br\/index.php\/wp-json\/wp\/v2\/users\/3"}],"replies":[{"embeddable":true,"href":"https:\/\/sinprfsp.org.br\/index.php\/wp-json\/wp\/v2\/comments?post=19763"}],"version-history":[{"count":1,"href":"https:\/\/sinprfsp.org.br\/index.php\/wp-json\/wp\/v2\/posts\/19763\/revisions"}],"predecessor-version":[{"id":19765,"href":"https:\/\/sinprfsp.org.br\/index.php\/wp-json\/wp\/v2\/posts\/19763\/revisions\/19765"}],"wp:featuredmedia":[{"embeddable":true,"href":"https:\/\/sinprfsp.org.br\/index.php\/wp-json\/wp\/v2\/media\/19764"}],"wp:attachment":[{"href":"https:\/\/sinprfsp.org.br\/index.php\/wp-json\/wp\/v2\/media?parent=19763"}],"wp:term":[{"taxonomy":"category","embeddable":true,"href":"https:\/\/sinprfsp.org.br\/index.php\/wp-json\/wp\/v2\/categories?post=19763"},{"taxonomy":"post_tag","embeddable":true,"href":"https:\/\/sinprfsp.org.br\/index.php\/wp-json\/wp\/v2\/tags?post=19763"}],"curies":[{"name":"wp","href":"https:\/\/api.w.org\/{rel}","templated":true}]}}