{"id":19766,"date":"2026-01-26T16:54:33","date_gmt":"2026-01-26T19:54:33","guid":{"rendered":"https:\/\/sinprfsp.org.br\/?p=19766"},"modified":"2026-01-26T16:54:34","modified_gmt":"2026-01-26T19:54:34","slug":"inscricoes-abertas-para-o-2o-joinprf-em-pocos-de-caldas","status":"publish","type":"post","link":"https:\/\/sinprfsp.org.br\/index.php\/2026\/01\/26\/inscricoes-abertas-para-o-2o-joinprf-em-pocos-de-caldas\/","title":{"rendered":"Inscri\u00e7\u00f5es abertas para o 2\u00ba JoinPRF, em Po\u00e7os de Caldas"},"content":{"rendered":"\n<p>Est\u00e3o abertas as inscri\u00e7\u00f5es para os <strong>2\u00ba Jogos de Integra\u00e7\u00e3o Nacional dos Policiais Rodovi\u00e1rios Federais<\/strong> (JOIN PRF 2026), que ser\u00e1 realizado em <strong>Po\u00e7os de Caldas<\/strong> (MG), no per\u00edodo de <strong>12 a 17 de abril de 2026<\/strong>. O evento re\u00fane PRFs de todo o pa\u00eds em uma programa\u00e7\u00e3o esportiva e de confraterniza\u00e7\u00e3o, com foco em integra\u00e7\u00e3o, sa\u00fade e valoriza\u00e7\u00e3o dos colegas.<\/p>\n\n\n\n<p>Podem participar sindicalizados com, no m\u00ednimo, 60 dias de filia\u00e7\u00e3o at\u00e9 a data de in\u00edcio dos jogos.<\/p>\n\n\n\n<p><strong>Hospedagem:<\/strong><\/p>\n\n\n\n<p>A hospedagem ser\u00e1 organizada com reserva exclusiva pela empresa <strong>AYALATUR<\/strong>. Nosso Diretor de Eventos, Francisco Alencar, obteve redu\u00e7\u00e3o de valores, garantindo mais acesso aos participantes.<\/p>\n\n\n\n<p>Entre as condi\u00e7\u00f5es oferecidas, o <strong>quarto duplo em apartamento standard <\/strong>est\u00e1 com <strong>di\u00e1ria de R$ 140 por pessoa<\/strong>. Para os sindicalizados, o <strong>SINPRF-SP<\/strong> realizar\u00e1 <strong>ressarcimento de R$ 100 por dia<\/strong>, por participante.<\/p>\n\n\n\n<p>Para realizar a reserva do hotel com a ag\u00eancia <strong>AyalaTur<\/strong>, \u00e9 necess\u00e1rio preencher o formul\u00e1rio:<\/p>\n\n\n\n<p><a href=\"https:\/\/docs.google.com\/forms\/d\/e\/1FAIpQLSdKZ2s8SFxuW78kKGRVB_b5Nj7In_oriDO4KXfHvOJgD6OAPA\/viewform\">https:\/\/docs.google.com\/forms\/d\/e\/1FAIpQLSdKZ2s8SFxuW78kKGRVB_b5Nj7In_oriDO4KXfHvOJgD6OAPA\/viewform<\/a><\/p>\n\n\n\n<p><strong>Transporte<\/strong><\/p>\n\n\n\n<p>O SINPRF-SP informa que disponibilizar\u00e1 o deslocamento de \u00f4nibus para os participantes da delega\u00e7\u00e3o paulista, como forma de apoiar a participa\u00e7\u00e3o e organizar a log\u00edstica do grupo.<\/p>\n\n\n\n<p><strong>Modalidades:<\/strong><\/p>\n\n\n\n<p>O JOIN PRF 2026 contar\u00e1 com diversas modalidades, incluindo:<\/p>\n\n\n\n<p>* <strong>Atletismo e Corrida de Rua<\/strong><\/p>\n\n\n\n<p>* <strong>Futebol, Futsal, V\u00f4lei, V\u00f4lei de Praia e Futev\u00f4lei<\/strong><\/p>\n\n\n\n<p>* <strong>Beach T\u00eannis, T\u00eanis e T\u00eanis de Mesa<\/strong><\/p>\n\n\n\n<p>* <strong>Jiu-Jitsu<\/strong><\/p>\n\n\n\n<p>* <strong>Nata\u00e7\u00e3o<\/strong><\/p>\n\n\n\n<p>* T<strong>iro Pr\u00e1tico<\/strong><\/p>\n\n\n\n<p>*<strong> Sinuca<\/strong><\/p>\n\n\n\n<p>*<strong> Xadrez, Truco, Domin\u00f3, Canastra e Dama<\/strong><\/p>\n\n\n\n<p>* <strong>Peteca e Bocha<\/strong><\/p>\n\n\n\n<p><strong>Inscri\u00e7\u00e3o<\/strong><\/p>\n\n\n\n<p>Os interessados em participar devem realizar a inscri\u00e7\u00e3o pelo formul\u00e1rio oficial:<\/p>\n\n\n\n<p><a href=\"https:\/\/forms.gle\/nfR3TD1Dm5EKzeeL9\">https:\/\/forms.gle\/nfR3TD1Dm5EKzeeL9<\/a><\/p>\n\n\n\n<p>Lembramos que<strong> as inscri\u00e7\u00f5es devem ser realizadas at\u00e9 o dia 13\/03\/2026.<\/strong><\/p>\n\n\n\n<p>O SINPRF-SP refor\u00e7a o convite para que os sindicalizados participem do<strong> JOIN PRF 2026,<\/strong> fortalecendo a integra\u00e7\u00e3o entre colegas, o esp\u00edrito esportivo e a valoriza\u00e7\u00e3o da carreira, em um evento nacional que re\u00fane a <strong>Fam\u00edlia PRF<\/strong> em torno do esporte e da conviv\u00eancia.<\/p>\n","protected":false},"excerpt":{"rendered":"<p>Est\u00e3o abertas as inscri\u00e7\u00f5es para os 2\u00ba Jogos de Integra\u00e7\u00e3o Nacional dos Policiais Rodovi\u00e1rios Federais (JOIN PRF 2026), que ser\u00e1 realizado em Po\u00e7os de Caldas (MG), no per\u00edodo de 12 a 17 de abril de 2026. O evento re\u00fane PRFs de todo o pa\u00eds em uma programa\u00e7\u00e3o esportiva e de confraterniza\u00e7\u00e3o, com foco em integra\u00e7\u00e3o, [&hellip;]<\/p>\n","protected":false},"author":3,"featured_media":19767,"comment_status":"closed","ping_status":"closed","sticky":false,"template":"","format":"standard","meta":{"footnotes":""},"categories":[41],"tags":[],"class_list":["post-19766","post","type-post","status-publish","format-standard","has-post-thumbnail","hentry","category-noticias-em-destaque"],"_links":{"self":[{"href":"https:\/\/sinprfsp.org.br\/index.php\/wp-json\/wp\/v2\/posts\/19766","targetHints":{"allow":["GET"]}}],"collection":[{"href":"https:\/\/sinprfsp.org.br\/index.php\/wp-json\/wp\/v2\/posts"}],"about":[{"href":"https:\/\/sinprfsp.org.br\/index.php\/wp-json\/wp\/v2\/types\/post"}],"author":[{"embeddable":true,"href":"https:\/\/sinprfsp.org.br\/index.php\/wp-json\/wp\/v2\/users\/3"}],"replies":[{"embeddable":true,"href":"https:\/\/sinprfsp.org.br\/index.php\/wp-json\/wp\/v2\/comments?post=19766"}],"version-history":[{"count":1,"href":"https:\/\/sinprfsp.org.br\/index.php\/wp-json\/wp\/v2\/posts\/19766\/revisions"}],"predecessor-version":[{"id":19768,"href":"https:\/\/sinprfsp.org.br\/index.php\/wp-json\/wp\/v2\/posts\/19766\/revisions\/19768"}],"wp:featuredmedia":[{"embeddable":true,"href":"https:\/\/sinprfsp.org.br\/index.php\/wp-json\/wp\/v2\/media\/19767"}],"wp:attachment":[{"href":"https:\/\/sinprfsp.org.br\/index.php\/wp-json\/wp\/v2\/media?parent=19766"}],"wp:term":[{"taxonomy":"category","embeddable":true,"href":"https:\/\/sinprfsp.org.br\/index.php\/wp-json\/wp\/v2\/categories?post=19766"},{"taxonomy":"post_tag","embeddable":true,"href":"https:\/\/sinprfsp.org.br\/index.php\/wp-json\/wp\/v2\/tags?post=19766"}],"curies":[{"name":"wp","href":"https:\/\/api.w.org\/{rel}","templated":true}]}}