{"id":20053,"date":"2026-09-03T10:59:53","date_gmt":"2026-09-03T13:59:53","guid":{"rendered":"https:\/\/sinprfsp.org.br\/?p=20053"},"modified":"2026-09-03T10:59:54","modified_gmt":"2026-09-03T13:59:54","slug":"nota-de-falecimento-prf-aposentado-anibal-miguel-fosco","status":"publish","type":"post","link":"https:\/\/sinprfsp.org.br\/index.php\/2026\/09\/03\/nota-de-falecimento-prf-aposentado-anibal-miguel-fosco\/","title":{"rendered":"Nota de falecimento \u2013 PRF aposentado An\u00edbal Miguel Fosco"},"content":{"rendered":"\n<p>\u00c9 com imenso pesar que a Diretoria do Sindicato dos Policiais Rodovi\u00e1rios Federais no Estado de S\u00e3o Paulo (SINPRF-SP) comunica o falecimento do&nbsp;<strong>PRF aposentado An\u00edbal Miguel Fosco, da Turma de 58,&nbsp;<\/strong>lotado na Delegacia PRF de Atibaia,&nbsp;<strong>ocorrido nesta quarta-feira, 02 de setembro.<\/strong><\/p>\n\n\n\n<p>Segundo informado pela fam\u00edlia, a&nbsp;<strong>cerim\u00f4nia de despedida ser\u00e1 realizada nesta quinta-feira (03\/09)<\/strong>, a partir das 12h, no Vel\u00f3rio \u2013 Funer\u00e1ria Flamil, localizado na rua Monsenhor Kolly, 245, Centro, na cidade de Atibaia. A sa\u00edda para o cremat\u00f3rio ser\u00e1 \u00e0s 16h.<\/p>\n\n\n\n<p>Neste momento rogamos a Deus, f\u00e9 e resigna\u00e7\u00e3o para que sua fam\u00edlia e amigos possam superar este momento de dor e grande perda.<\/p>\n","protected":false},"excerpt":{"rendered":"<p>\u00c9 com imenso pesar que a Diretoria do Sindicato dos Policiais Rodovi\u00e1rios Federais no Estado de S\u00e3o Paulo (SINPRF-SP) comunica o falecimento do&nbsp;PRF aposentado An\u00edbal Miguel Fosco, da Turma de 58,&nbsp;lotado na Delegacia PRF de Atibaia,&nbsp;ocorrido nesta quarta-feira, 02 de setembro. Segundo informado pela fam\u00edlia, a&nbsp;cerim\u00f4nia de despedida ser\u00e1 realizada nesta quinta-feira (03\/09), a partir [&hellip;]<\/p>\n","protected":false},"author":3,"featured_media":20054,"comment_status":"closed","ping_status":"closed","sticky":false,"template":"","format":"standard","meta":{"footnotes":""},"categories":[41],"tags":[],"class_list":["post-20053","post","type-post","status-publish","format-standard","has-post-thumbnail","hentry","category-noticias-em-destaque"],"_links":{"self":[{"href":"https:\/\/sinprfsp.org.br\/index.php\/wp-json\/wp\/v2\/posts\/20053","targetHints":{"allow":["GET"]}}],"collection":[{"href":"https:\/\/sinprfsp.org.br\/index.php\/wp-json\/wp\/v2\/posts"}],"about":[{"href":"https:\/\/sinprfsp.org.br\/index.php\/wp-json\/wp\/v2\/types\/post"}],"author":[{"embeddable":true,"href":"https:\/\/sinprfsp.org.br\/index.php\/wp-json\/wp\/v2\/users\/3"}],"replies":[{"embeddable":true,"href":"https:\/\/sinprfsp.org.br\/index.php\/wp-json\/wp\/v2\/comments?post=20053"}],"version-history":[{"count":1,"href":"https:\/\/sinprfsp.org.br\/index.php\/wp-json\/wp\/v2\/posts\/20053\/revisions"}],"predecessor-version":[{"id":20055,"href":"https:\/\/sinprfsp.org.br\/index.php\/wp-json\/wp\/v2\/posts\/20053\/revisions\/20055"}],"wp:featuredmedia":[{"embeddable":true,"href":"https:\/\/sinprfsp.org.br\/index.php\/wp-json\/wp\/v2\/media\/20054"}],"wp:attachment":[{"href":"https:\/\/sinprfsp.org.br\/index.php\/wp-json\/wp\/v2\/media?parent=20053"}],"wp:term":[{"taxonomy":"category","embeddable":true,"href":"https:\/\/sinprfsp.org.br\/index.php\/wp-json\/wp\/v2\/categories?post=20053"},{"taxonomy":"post_tag","embeddable":true,"href":"https:\/\/sinprfsp.org.br\/index.php\/wp-json\/wp\/v2\/tags?post=20053"}],"curies":[{"name":"wp","href":"https:\/\/api.w.org\/{rel}","templated":true}]}}