{"id":243,"date":"2016-09-16T15:26:30","date_gmt":"2016-09-16T18:26:30","guid":{"rendered":"https:\/\/www.gavias-theme.com\/wp\/indutri\/?p=243"},"modified":"2022-01-07T13:03:35","modified_gmt":"2022-01-07T16:03:35","slug":"new-commission-to-build-on-strength-of-midlands-manufacturing","status":"publish","type":"post","link":"https:\/\/sinprfsp.org.br\/index.php\/2016\/09\/16\/new-commission-to-build-on-strength-of-midlands-manufacturing\/","title":{"rendered":"Dire\u00e7\u00e3o-Geral da PRF tem projeto de atendimento em sa\u00fade mental"},"content":{"rendered":"<p>Uma antiga demanda do sistema sindical, a disponibiliza\u00e7\u00e3o pela PRF de um atendimento psicol\u00f3gico e psiqui\u00e1trico emergencial, ser\u00e1 implementado a partir do final deste ano. A iniciativa vem da equipe de gest\u00e3o do Inspetor Vasques e ser\u00e1 executada nas Superintend\u00eancias pelas SGPs e NUSINTs.<\/p>\n<p>O trabalho come\u00e7a este ano como um piloto realizado com verbas de uma emenda parlamentar da Deputada Major Fabiana (PSL-RJ), mas j\u00e1 h\u00e1 o projeto para continuidade da a\u00e7\u00e3o com verbas da pr\u00f3pria PRF. A ideia \u00e9 oferecer aos PRFs uma gama de profissionais de sa\u00fade mental, previamente cadastrados, capazes de realizar triagem, atendimento inicial e tratamento.<\/p>\n<p>O foco inicial ser\u00e1 o atendimento de policiais que se envolveram em ocorr\u00eancias graves, mas o objetivo \u00e9 estender o programa a todo o efetivo, integrando as a\u00e7\u00f5es da \u201cPatrulha da Sa\u00fade\u201d, e com isso identificar e diagnosticar de forma preventiva dist\u00farbios psicol\u00f3gicos e comportamentais.<\/p>\n<p>O projeto est\u00e1 ainda na fase de triagem e cadastramento dos profissionais, mas a meta da Administra\u00e7\u00e3o \u00e9 que os atendimentos possam come\u00e7ar j\u00e1 em outubro. Com isso a gest\u00e3o do Departamento d\u00e1 mais um passo positivo na dire\u00e7\u00e3o do respeito, reconhecimento e aten\u00e7\u00e3o ao trabalho de quem se exp\u00f5e, f\u00edsica e mentalmente, no cumprimento da miss\u00e3o institucional da PRF.<\/p>\n<p>Dire\u00e7\u00e3o-Geral da PRF tem projeto de atendimento em sa\u00fade mental<\/p>\n<p>Por: ASCOM SINPRFSP\u00a016 de Setembro de 2021\u00a0em: Not\u00edcias em Destaque<\/p>\n<p>Uma antiga demanda do sistema sindical, a disponibiliza\u00e7\u00e3o pela PRF de um atendimento psicol\u00f3gico e psiqui\u00e1trico emergencial, ser\u00e1 implementado a partir do final deste ano. A iniciativa vem da equipe de gest\u00e3o do Inspetor Vasques e ser\u00e1 executada nas Superintend\u00eancias pelas SGPs e NUSINTs.<\/p>\n<p>O trabalho come\u00e7a este ano como um piloto realizado com verbas de uma emenda parlamentar da Deputada Major Fabiana (PSL-RJ), mas j\u00e1 h\u00e1 o projeto para continuidade da a\u00e7\u00e3o com verbas da pr\u00f3pria PRF. A ideia \u00e9 oferecer aos PRFs uma gama de profissionais de sa\u00fade mental, previamente cadastrados, capazes de realizar triagem, atendimento inicial e tratamento.<\/p>\n<p>O foco inicial ser\u00e1 o atendimento de policiais que se envolveram em ocorr\u00eancias graves, mas o objetivo \u00e9 estender o programa a todo o efetivo, integrando as a\u00e7\u00f5es da \u201cPatrulha da Sa\u00fade\u201d, e com isso identificar e diagnosticar de forma preventiva dist\u00farbios psicol\u00f3gicos e comportamentais.<\/p>\n<p>O projeto est\u00e1 ainda na fase de triagem e cadastramento dos profissionais, mas a meta da Administra\u00e7\u00e3o \u00e9 que os atendimentos possam come\u00e7ar j\u00e1 em outubro. Com isso a gest\u00e3o do Departamento d\u00e1 mais um passo positivo na dire\u00e7\u00e3o do respeito, reconhecimento e aten\u00e7\u00e3o ao trabalho de quem se exp\u00f5e, f\u00edsica e mentalmente, no cumprimento da miss\u00e3o institucional da PRF.<\/p>\n","protected":false},"excerpt":{"rendered":"<p>Aelltes port lacus quis enim var sed efficitur turpis gilla sed sit lorem ipsum is simply free amet finibus eros.<\/p>\n","protected":false},"author":3,"featured_media":11023,"comment_status":"closed","ping_status":"closed","sticky":false,"template":"","format":"standard","meta":{"footnotes":""},"categories":[1],"tags":[],"class_list":["post-243","post","type-post","status-publish","format-standard","has-post-thumbnail","hentry","category-noticias-gerais"],"_links":{"self":[{"href":"https:\/\/sinprfsp.org.br\/index.php\/wp-json\/wp\/v2\/posts\/243","targetHints":{"allow":["GET"]}}],"collection":[{"href":"https:\/\/sinprfsp.org.br\/index.php\/wp-json\/wp\/v2\/posts"}],"about":[{"href":"https:\/\/sinprfsp.org.br\/index.php\/wp-json\/wp\/v2\/types\/post"}],"author":[{"embeddable":true,"href":"https:\/\/sinprfsp.org.br\/index.php\/wp-json\/wp\/v2\/users\/3"}],"replies":[{"embeddable":true,"href":"https:\/\/sinprfsp.org.br\/index.php\/wp-json\/wp\/v2\/comments?post=243"}],"version-history":[{"count":1,"href":"https:\/\/sinprfsp.org.br\/index.php\/wp-json\/wp\/v2\/posts\/243\/revisions"}],"predecessor-version":[{"id":11024,"href":"https:\/\/sinprfsp.org.br\/index.php\/wp-json\/wp\/v2\/posts\/243\/revisions\/11024"}],"wp:featuredmedia":[{"embeddable":true,"href":"https:\/\/sinprfsp.org.br\/index.php\/wp-json\/wp\/v2\/media\/11023"}],"wp:attachment":[{"href":"https:\/\/sinprfsp.org.br\/index.php\/wp-json\/wp\/v2\/media?parent=243"}],"wp:term":[{"taxonomy":"category","embeddable":true,"href":"https:\/\/sinprfsp.org.br\/index.php\/wp-json\/wp\/v2\/categories?post=243"},{"taxonomy":"post_tag","embeddable":true,"href":"https:\/\/sinprfsp.org.br\/index.php\/wp-json\/wp\/v2\/tags?post=243"}],"curies":[{"name":"wp","href":"https:\/\/api.w.org\/{rel}","templated":true}]}}